{"id":18912,"date":"2023-05-19T15:32:52","date_gmt":"2023-05-19T19:32:52","guid":{"rendered":"https:\/\/cieau.org\/articles\/conference-what-lives-in-my-lake-from-micro-to-macro-june-08\/"},"modified":"2025-04-01T12:18:42","modified_gmt":"2025-04-01T16:18:42","slug":"conference-what-lives-in-my-lake-from-micro-to-macro-june-08","status":"publish","type":"post","link":"https:\/\/www.cieau.org\/en\/articles\/conference-what-lives-in-my-lake-from-micro-to-macro-june-08\/","title":{"rendered":"Conference &#8211; What lives in my lake? From micro to macro &#8211; June 08"},"content":{"rendered":"\t\t<div data-elementor-type=\"wp-post\" data-elementor-id=\"18912\" class=\"elementor elementor-18912 elementor-10045\" data-elementor-post-type=\"post\">\n\t\t\t\t\t\t<section class=\"elementor-section elementor-top-section elementor-element elementor-element-3f090012 elementor-section-boxed elementor-section-height-default elementor-section-height-default\" data-id=\"3f090012\" data-element_type=\"section\" data-e-type=\"section\" data-settings=\"{&quot;jet_parallax_layout_list&quot;:[]}\">\n\t\t\t\t\t\t<div class=\"elementor-container elementor-column-gap-default\">\n\t\t\t\t\t<div class=\"elementor-column elementor-col-100 elementor-top-column elementor-element elementor-element-2f1e07be\" data-id=\"2f1e07be\" data-element_type=\"column\" data-e-type=\"column\">\n\t\t\t<div class=\"elementor-widget-wrap elementor-element-populated\">\n\t\t\t\t\t\t<div class=\"elementor-element elementor-element-6326aeec elementor-widget elementor-widget-text-editor\" data-id=\"6326aeec\" data-element_type=\"widget\" data-e-type=\"widget\" data-widget_type=\"text-editor.default\">\n\t\t\t\t<div class=\"elementor-widget-container\">\n\t\t\t\t\t\t\t\t\t<p>Discover life in lakes with a talk by Sylvain Miller, biologist and keen diver, on Thursday, June 08, 2023 at 7 p.m.!<\/p>\n<p>On the program: a dynamic presentation with exclusive images captured by Sylvain Miller and an ode to the life of our Quebec lakes.<\/p>\n<p>The lecture will transport you as we descend underwater to discover organisms from the surface to the bottom of our lakes. The presentation complements the <a href=\"https:\/\/www.cieau.org\/expo-temporaire\/\">Eau bout de la cha\u00eene<\/a> temporary exhibition on freshwater biodiversity. <\/p>\n<p>The content will highlight what lives on riverbanks, the importance of riparian buffer strips, and the way of life of the organisms we encounter when we go underwater, and their importance in preserving our waterways.<\/p>\n<p>The conference will also focus on the impact of human activity on aquatic life, and will be broadcast live from our <a href=\"https:\/\/www.youtube.com\/channel\/UCiwEYUoya3w6Zlc42tYMYAg\">YouTube channel<\/a>! Subscribe now to keep up to date with our video news!<\/p>\n<p>Tickets $10, purchased via our <a href=\"https:\/\/frontoffice.byemisys.com\/shop\/CIEau2021\/F11A66E7F017\/fr_CA\/products\/#\/tickets\">online ticketing service<\/a> or on site on the evening of the event. Please note that seating is limited. <\/p>\n<p>Event venue: 12 rue Hotte, Laval H7L 2R3, Salle Andr\u00e9-Perrault<\/p>\n<p>Face-to-face attendees will enjoy refreshments and can chat with Mr. Miller during a post-conference networking session.<\/p>\n<p>Free: C.I.EAU members are entitled to a free lecture and vernissage. <a href=\"https:\/\/frontoffice.byemisys.com\/shop\/CIEau2021\/F11A66E7F017\/fr_CA\/products\/#\/tickets\">Become a member<\/a> today.<\/p>\n<p>Members who wish to benefit from their free entry to this event are invited to contact <a href=\"mailto:inscription@cieau.org\">inscription@cieau.org<\/a>.<\/p>\n\t\t\t\t\t\t\t\t<\/div>\n\t\t\t\t<\/div>\n\t\t\t\t\t<\/div>\n\t\t<\/div>\n\t\t\t\t\t<\/div>\n\t\t<\/section>\n\t\t\t\t<section class=\"elementor-section elementor-top-section elementor-element elementor-element-aa62e86 elementor-section-boxed elementor-section-height-default elementor-section-height-default\" data-id=\"aa62e86\" data-element_type=\"section\" data-e-type=\"section\" data-settings=\"{&quot;jet_parallax_layout_list&quot;:[]}\">\n\t\t\t\t\t\t<div class=\"elementor-container elementor-column-gap-default\">\n\t\t\t\t\t<div class=\"elementor-column elementor-col-100 elementor-top-column elementor-element elementor-element-8c8cfad\" data-id=\"8c8cfad\" data-element_type=\"column\" data-e-type=\"column\">\n\t\t\t<div class=\"elementor-widget-wrap elementor-element-populated\">\n\t\t\t\t\t\t<div class=\"elementor-element elementor-element-bc620b2 elementor-widget elementor-widget-button\" data-id=\"bc620b2\" data-element_type=\"widget\" data-e-type=\"widget\" data-widget_type=\"button.default\">\n\t\t\t\t<div class=\"elementor-widget-container\">\n\t\t\t\t\t\t\t\t\t<div class=\"elementor-button-wrapper\">\n\t\t\t\t\t<a class=\"elementor-button elementor-button-link elementor-size-sm\" href=\"https:\/\/frontoffice.byemisys.com\/shop\/CIEau2021\/F11A66E7F017\/fr_CA\/products\/#\/tickets\">\n\t\t\t\t\t\t<span class=\"elementor-button-content-wrapper\">\n\t\t\t\t\t\t\t\t\t<span class=\"elementor-button-text\">Registration<\/span>\n\t\t\t\t\t<\/span>\n\t\t\t\t\t<\/a>\n\t\t\t\t<\/div>\n\t\t\t\t\t\t\t\t<\/div>\n\t\t\t\t<\/div>\n\t\t\t\t\t<\/div>\n\t\t<\/div>\n\t\t\t\t\t<\/div>\n\t\t<\/section>\n\t\t\t\t<\/div>\n\t\t","protected":false},"excerpt":{"rendered":"<p>Discover life in lakes with Sylvain Miller&#8217;s lecture on Thursday, June 08, 2023 at 7pm! The lecture will transport you as we descend underwater to discover organisms from the surface to the bottom of our lakes.   <\/p>\n","protected":false},"author":15,"featured_media":10057,"comment_status":"closed","ping_status":"closed","sticky":false,"template":"","format":"standard","meta":{"_acf_changed":false,"page_builder":"","footnotes":""},"categories":[95],"tags":[],"class_list":["post-18912","post","type-post","status-publish","format-standard","has-post-thumbnail","hentry","category-events"],"acf":[],"yoast_head":"<!-- This site is optimized with the Yoast SEO plugin v28.3 - https:\/\/yoast.com\/product\/yoast-seo-wordpress\/ -->\n<title>Conference - What lives in my lake?<\/title>\n<meta name=\"description\" content=\"Discover life in lakes with a talk by Sylvain Miller, biologist and keen diver, on Thursday, June 08, 2023 at 7 p.m.!\" \/>\n<meta name=\"robots\" content=\"index, follow, max-snippet:-1, max-image-preview:large, max-video-preview:-1\" \/>\n<link rel=\"canonical\" href=\"https:\/\/www.cieau.org\/en\/articles\/conference-what-lives-in-my-lake-from-micro-to-macro-june-08\/\" \/>\n<meta property=\"og:locale\" content=\"en_US\" \/>\n<meta property=\"og:type\" content=\"article\" \/>\n<meta property=\"og:title\" content=\"Conference - What lives in my lake?\" \/>\n<meta property=\"og:description\" content=\"Discover life in lakes with a talk by Sylvain Miller, biologist and keen diver, on Thursday, June 08, 2023 at 7 p.m.!\" \/>\n<meta property=\"og:url\" content=\"https:\/\/www.cieau.org\/en\/articles\/conference-what-lives-in-my-lake-from-micro-to-macro-june-08\/\" \/>\n<meta property=\"og:site_name\" content=\"C.I.Eau\" \/>\n<meta property=\"article:publisher\" content=\"https:\/\/www.facebook.com\/C.I.EAU\" \/>\n<meta property=\"article:published_time\" content=\"2023-05-19T19:32:52+00:00\" \/>\n<meta property=\"article:modified_time\" content=\"2025-04-01T16:18:42+00:00\" \/>\n<meta property=\"og:image\" content=\"https:\/\/www.cieau.org\/wp-content\/uploads\/2023\/05\/banniere-blogue-conference-vit-dans-le-lac-1.jpg\" \/>\n\t<meta property=\"og:image:width\" content=\"1024\" \/>\n\t<meta property=\"og:image:height\" content=\"448\" \/>\n\t<meta property=\"og:image:type\" content=\"image\/jpeg\" \/>\n<meta name=\"author\" content=\"Isabelle C\u00f4t\u00e9\" \/>\n<meta name=\"twitter:card\" content=\"summary_large_image\" \/>\n<meta name=\"twitter:label1\" content=\"Written by\" \/>\n\t<meta name=\"twitter:data1\" content=\"Isabelle C\u00f4t\u00e9\" \/>\n\t<meta name=\"twitter:label2\" content=\"Est. reading time\" \/>\n\t<meta name=\"twitter:data2\" content=\"1 minute\" \/>\n<script type=\"application\/ld+json\" class=\"yoast-schema-graph\">{\"@context\":\"https:\\\/\\\/schema.org\",\"@graph\":[{\"@type\":\"Article\",\"@id\":\"https:\\\/\\\/www.cieau.org\\\/en\\\/articles\\\/conference-what-lives-in-my-lake-from-micro-to-macro-june-08\\\/#article\",\"isPartOf\":{\"@id\":\"https:\\\/\\\/www.cieau.org\\\/en\\\/articles\\\/conference-what-lives-in-my-lake-from-micro-to-macro-june-08\\\/\"},\"author\":{\"name\":\"Isabelle C\u00f4t\u00e9\",\"@id\":\"https:\\\/\\\/www.cieau.org\\\/en\\\/#\\\/schema\\\/person\\\/6431266980a346bc9d10cb4870e9efcd\"},\"headline\":\"Conference &#8211; What lives in my lake? From micro to macro &#8211; June 08\",\"datePublished\":\"2023-05-19T19:32:52+00:00\",\"dateModified\":\"2025-04-01T16:18:42+00:00\",\"mainEntityOfPage\":{\"@id\":\"https:\\\/\\\/www.cieau.org\\\/en\\\/articles\\\/conference-what-lives-in-my-lake-from-micro-to-macro-june-08\\\/\"},\"wordCount\":247,\"publisher\":{\"@id\":\"https:\\\/\\\/www.cieau.org\\\/en\\\/#organization\"},\"image\":{\"@id\":\"https:\\\/\\\/www.cieau.org\\\/en\\\/articles\\\/conference-what-lives-in-my-lake-from-micro-to-macro-june-08\\\/#primaryimage\"},\"thumbnailUrl\":\"https:\\\/\\\/www.cieau.org\\\/wp-content\\\/uploads\\\/2023\\\/05\\\/banniere-blogue-conference-vit-dans-le-lac-1.jpg\",\"articleSection\":[\"Events\"],\"inLanguage\":\"en-US\"},{\"@type\":\"WebPage\",\"@id\":\"https:\\\/\\\/www.cieau.org\\\/en\\\/articles\\\/conference-what-lives-in-my-lake-from-micro-to-macro-june-08\\\/\",\"url\":\"https:\\\/\\\/www.cieau.org\\\/en\\\/articles\\\/conference-what-lives-in-my-lake-from-micro-to-macro-june-08\\\/\",\"name\":\"Conference - What lives in my lake?\",\"isPartOf\":{\"@id\":\"https:\\\/\\\/www.cieau.org\\\/en\\\/#website\"},\"primaryImageOfPage\":{\"@id\":\"https:\\\/\\\/www.cieau.org\\\/en\\\/articles\\\/conference-what-lives-in-my-lake-from-micro-to-macro-june-08\\\/#primaryimage\"},\"image\":{\"@id\":\"https:\\\/\\\/www.cieau.org\\\/en\\\/articles\\\/conference-what-lives-in-my-lake-from-micro-to-macro-june-08\\\/#primaryimage\"},\"thumbnailUrl\":\"https:\\\/\\\/www.cieau.org\\\/wp-content\\\/uploads\\\/2023\\\/05\\\/banniere-blogue-conference-vit-dans-le-lac-1.jpg\",\"datePublished\":\"2023-05-19T19:32:52+00:00\",\"dateModified\":\"2025-04-01T16:18:42+00:00\",\"description\":\"Discover life in lakes with a talk by Sylvain Miller, biologist and keen diver, on Thursday, June 08, 2023 at 7 p.m.!\",\"breadcrumb\":{\"@id\":\"https:\\\/\\\/www.cieau.org\\\/en\\\/articles\\\/conference-what-lives-in-my-lake-from-micro-to-macro-june-08\\\/#breadcrumb\"},\"inLanguage\":\"en-US\",\"potentialAction\":[{\"@type\":\"ReadAction\",\"target\":[\"https:\\\/\\\/www.cieau.org\\\/en\\\/articles\\\/conference-what-lives-in-my-lake-from-micro-to-macro-june-08\\\/\"]}]},{\"@type\":\"ImageObject\",\"inLanguage\":\"en-US\",\"@id\":\"https:\\\/\\\/www.cieau.org\\\/en\\\/articles\\\/conference-what-lives-in-my-lake-from-micro-to-macro-june-08\\\/#primaryimage\",\"url\":\"https:\\\/\\\/www.cieau.org\\\/wp-content\\\/uploads\\\/2023\\\/05\\\/banniere-blogue-conference-vit-dans-le-lac-1.jpg\",\"contentUrl\":\"https:\\\/\\\/www.cieau.org\\\/wp-content\\\/uploads\\\/2023\\\/05\\\/banniere-blogue-conference-vit-dans-le-lac-1.jpg\",\"width\":1024,\"height\":448,\"caption\":\"Banni\u00e8re conf\u00e9rence - Qu'est-ce qui vit dans mon lac? Cr\u00e9dit photos Sylvain Miller\"},{\"@type\":\"BreadcrumbList\",\"@id\":\"https:\\\/\\\/www.cieau.org\\\/en\\\/articles\\\/conference-what-lives-in-my-lake-from-micro-to-macro-june-08\\\/#breadcrumb\",\"itemListElement\":[{\"@type\":\"ListItem\",\"position\":1,\"name\":\"Accueil\",\"item\":\"https:\\\/\\\/www.cieau.org\\\/en\\\/home\\\/\"},{\"@type\":\"ListItem\",\"position\":2,\"name\":\"Conference &#8211; What lives in my lake? From micro to macro &#8211; June 08\"}]},{\"@type\":\"WebSite\",\"@id\":\"https:\\\/\\\/www.cieau.org\\\/en\\\/#website\",\"url\":\"https:\\\/\\\/www.cieau.org\\\/en\\\/\",\"name\":\"C.I.Eau\",\"description\":\"\",\"publisher\":{\"@id\":\"https:\\\/\\\/www.cieau.org\\\/en\\\/#organization\"},\"potentialAction\":[{\"@type\":\"SearchAction\",\"target\":{\"@type\":\"EntryPoint\",\"urlTemplate\":\"https:\\\/\\\/www.cieau.org\\\/en\\\/?s={search_term_string}\"},\"query-input\":{\"@type\":\"PropertyValueSpecification\",\"valueRequired\":true,\"valueName\":\"search_term_string\"}}],\"inLanguage\":\"en-US\"},{\"@type\":\"Organization\",\"@id\":\"https:\\\/\\\/www.cieau.org\\\/en\\\/#organization\",\"name\":\"C.I.Eau\",\"url\":\"https:\\\/\\\/www.cieau.org\\\/en\\\/\",\"logo\":{\"@type\":\"ImageObject\",\"inLanguage\":\"en-US\",\"@id\":\"https:\\\/\\\/www.cieau.org\\\/en\\\/#\\\/schema\\\/logo\\\/image\\\/\",\"url\":\"https:\\\/\\\/www.cieau.org\\\/wp-content\\\/uploads\\\/2021\\\/10\\\/Logo_CIeau.png\",\"contentUrl\":\"https:\\\/\\\/www.cieau.org\\\/wp-content\\\/uploads\\\/2021\\\/10\\\/Logo_CIeau.png\",\"width\":500,\"height\":308,\"caption\":\"C.I.Eau\"},\"image\":{\"@id\":\"https:\\\/\\\/www.cieau.org\\\/en\\\/#\\\/schema\\\/logo\\\/image\\\/\"},\"sameAs\":[\"https:\\\/\\\/www.facebook.com\\\/C.I.EAU\"]},{\"@type\":\"Person\",\"@id\":\"https:\\\/\\\/www.cieau.org\\\/en\\\/#\\\/schema\\\/person\\\/6431266980a346bc9d10cb4870e9efcd\",\"name\":\"Isabelle C\u00f4t\u00e9\",\"image\":{\"@type\":\"ImageObject\",\"inLanguage\":\"en-US\",\"@id\":\"https:\\\/\\\/secure.gravatar.com\\\/avatar\\\/c0eeace412367ae21d38b05844c1165c6f58c9e46d928897c1a4f834c3e901b2?s=96&d=mm&r=g\",\"url\":\"https:\\\/\\\/secure.gravatar.com\\\/avatar\\\/c0eeace412367ae21d38b05844c1165c6f58c9e46d928897c1a4f834c3e901b2?s=96&d=mm&r=g\",\"contentUrl\":\"https:\\\/\\\/secure.gravatar.com\\\/avatar\\\/c0eeace412367ae21d38b05844c1165c6f58c9e46d928897c1a4f834c3e901b2?s=96&d=mm&r=g\",\"caption\":\"Isabelle C\u00f4t\u00e9\"},\"url\":\"https:\\\/\\\/www.cieau.org\\\/en\\\/articles\\\/author\\\/icote\\\/\"}]}<\/script>\n<!-- \/ Yoast SEO plugin. -->","yoast_head_json":{"title":"Conference - What lives in my lake?","description":"Discover life in lakes with a talk by Sylvain Miller, biologist and keen diver, on Thursday, June 08, 2023 at 7 p.m.!","robots":{"index":"index","follow":"follow","max-snippet":"max-snippet:-1","max-image-preview":"max-image-preview:large","max-video-preview":"max-video-preview:-1"},"canonical":"https:\/\/www.cieau.org\/en\/articles\/conference-what-lives-in-my-lake-from-micro-to-macro-june-08\/","og_locale":"en_US","og_type":"article","og_title":"Conference - What lives in my lake?","og_description":"Discover life in lakes with a talk by Sylvain Miller, biologist and keen diver, on Thursday, June 08, 2023 at 7 p.m.!","og_url":"https:\/\/www.cieau.org\/en\/articles\/conference-what-lives-in-my-lake-from-micro-to-macro-june-08\/","og_site_name":"C.I.Eau","article_publisher":"https:\/\/www.facebook.com\/C.I.EAU","article_published_time":"2023-05-19T19:32:52+00:00","article_modified_time":"2025-04-01T16:18:42+00:00","og_image":[{"width":1024,"height":448,"url":"https:\/\/www.cieau.org\/wp-content\/uploads\/2023\/05\/banniere-blogue-conference-vit-dans-le-lac-1.jpg","type":"image\/jpeg"}],"author":"Isabelle C\u00f4t\u00e9","twitter_card":"summary_large_image","twitter_misc":{"Written by":"Isabelle C\u00f4t\u00e9","Est. reading time":"1 minute"},"schema":{"@context":"https:\/\/schema.org","@graph":[{"@type":"Article","@id":"https:\/\/www.cieau.org\/en\/articles\/conference-what-lives-in-my-lake-from-micro-to-macro-june-08\/#article","isPartOf":{"@id":"https:\/\/www.cieau.org\/en\/articles\/conference-what-lives-in-my-lake-from-micro-to-macro-june-08\/"},"author":{"name":"Isabelle C\u00f4t\u00e9","@id":"https:\/\/www.cieau.org\/en\/#\/schema\/person\/6431266980a346bc9d10cb4870e9efcd"},"headline":"Conference &#8211; What lives in my lake? From micro to macro &#8211; June 08","datePublished":"2023-05-19T19:32:52+00:00","dateModified":"2025-04-01T16:18:42+00:00","mainEntityOfPage":{"@id":"https:\/\/www.cieau.org\/en\/articles\/conference-what-lives-in-my-lake-from-micro-to-macro-june-08\/"},"wordCount":247,"publisher":{"@id":"https:\/\/www.cieau.org\/en\/#organization"},"image":{"@id":"https:\/\/www.cieau.org\/en\/articles\/conference-what-lives-in-my-lake-from-micro-to-macro-june-08\/#primaryimage"},"thumbnailUrl":"https:\/\/www.cieau.org\/wp-content\/uploads\/2023\/05\/banniere-blogue-conference-vit-dans-le-lac-1.jpg","articleSection":["Events"],"inLanguage":"en-US"},{"@type":"WebPage","@id":"https:\/\/www.cieau.org\/en\/articles\/conference-what-lives-in-my-lake-from-micro-to-macro-june-08\/","url":"https:\/\/www.cieau.org\/en\/articles\/conference-what-lives-in-my-lake-from-micro-to-macro-june-08\/","name":"Conference - What lives in my lake?","isPartOf":{"@id":"https:\/\/www.cieau.org\/en\/#website"},"primaryImageOfPage":{"@id":"https:\/\/www.cieau.org\/en\/articles\/conference-what-lives-in-my-lake-from-micro-to-macro-june-08\/#primaryimage"},"image":{"@id":"https:\/\/www.cieau.org\/en\/articles\/conference-what-lives-in-my-lake-from-micro-to-macro-june-08\/#primaryimage"},"thumbnailUrl":"https:\/\/www.cieau.org\/wp-content\/uploads\/2023\/05\/banniere-blogue-conference-vit-dans-le-lac-1.jpg","datePublished":"2023-05-19T19:32:52+00:00","dateModified":"2025-04-01T16:18:42+00:00","description":"Discover life in lakes with a talk by Sylvain Miller, biologist and keen diver, on Thursday, June 08, 2023 at 7 p.m.!","breadcrumb":{"@id":"https:\/\/www.cieau.org\/en\/articles\/conference-what-lives-in-my-lake-from-micro-to-macro-june-08\/#breadcrumb"},"inLanguage":"en-US","potentialAction":[{"@type":"ReadAction","target":["https:\/\/www.cieau.org\/en\/articles\/conference-what-lives-in-my-lake-from-micro-to-macro-june-08\/"]}]},{"@type":"ImageObject","inLanguage":"en-US","@id":"https:\/\/www.cieau.org\/en\/articles\/conference-what-lives-in-my-lake-from-micro-to-macro-june-08\/#primaryimage","url":"https:\/\/www.cieau.org\/wp-content\/uploads\/2023\/05\/banniere-blogue-conference-vit-dans-le-lac-1.jpg","contentUrl":"https:\/\/www.cieau.org\/wp-content\/uploads\/2023\/05\/banniere-blogue-conference-vit-dans-le-lac-1.jpg","width":1024,"height":448,"caption":"Banni\u00e8re conf\u00e9rence - Qu'est-ce qui vit dans mon lac? Cr\u00e9dit photos Sylvain Miller"},{"@type":"BreadcrumbList","@id":"https:\/\/www.cieau.org\/en\/articles\/conference-what-lives-in-my-lake-from-micro-to-macro-june-08\/#breadcrumb","itemListElement":[{"@type":"ListItem","position":1,"name":"Accueil","item":"https:\/\/www.cieau.org\/en\/home\/"},{"@type":"ListItem","position":2,"name":"Conference &#8211; What lives in my lake? From micro to macro &#8211; June 08"}]},{"@type":"WebSite","@id":"https:\/\/www.cieau.org\/en\/#website","url":"https:\/\/www.cieau.org\/en\/","name":"C.I.Eau","description":"","publisher":{"@id":"https:\/\/www.cieau.org\/en\/#organization"},"potentialAction":[{"@type":"SearchAction","target":{"@type":"EntryPoint","urlTemplate":"https:\/\/www.cieau.org\/en\/?s={search_term_string}"},"query-input":{"@type":"PropertyValueSpecification","valueRequired":true,"valueName":"search_term_string"}}],"inLanguage":"en-US"},{"@type":"Organization","@id":"https:\/\/www.cieau.org\/en\/#organization","name":"C.I.Eau","url":"https:\/\/www.cieau.org\/en\/","logo":{"@type":"ImageObject","inLanguage":"en-US","@id":"https:\/\/www.cieau.org\/en\/#\/schema\/logo\/image\/","url":"https:\/\/www.cieau.org\/wp-content\/uploads\/2021\/10\/Logo_CIeau.png","contentUrl":"https:\/\/www.cieau.org\/wp-content\/uploads\/2021\/10\/Logo_CIeau.png","width":500,"height":308,"caption":"C.I.Eau"},"image":{"@id":"https:\/\/www.cieau.org\/en\/#\/schema\/logo\/image\/"},"sameAs":["https:\/\/www.facebook.com\/C.I.EAU"]},{"@type":"Person","@id":"https:\/\/www.cieau.org\/en\/#\/schema\/person\/6431266980a346bc9d10cb4870e9efcd","name":"Isabelle C\u00f4t\u00e9","image":{"@type":"ImageObject","inLanguage":"en-US","@id":"https:\/\/secure.gravatar.com\/avatar\/c0eeace412367ae21d38b05844c1165c6f58c9e46d928897c1a4f834c3e901b2?s=96&d=mm&r=g","url":"https:\/\/secure.gravatar.com\/avatar\/c0eeace412367ae21d38b05844c1165c6f58c9e46d928897c1a4f834c3e901b2?s=96&d=mm&r=g","contentUrl":"https:\/\/secure.gravatar.com\/avatar\/c0eeace412367ae21d38b05844c1165c6f58c9e46d928897c1a4f834c3e901b2?s=96&d=mm&r=g","caption":"Isabelle C\u00f4t\u00e9"},"url":"https:\/\/www.cieau.org\/en\/articles\/author\/icote\/"}]}},"_links":{"self":[{"href":"https:\/\/www.cieau.org\/en\/wp-json\/wp\/v2\/posts\/18912","targetHints":{"allow":["GET"]}}],"collection":[{"href":"https:\/\/www.cieau.org\/en\/wp-json\/wp\/v2\/posts"}],"about":[{"href":"https:\/\/www.cieau.org\/en\/wp-json\/wp\/v2\/types\/post"}],"author":[{"embeddable":true,"href":"https:\/\/www.cieau.org\/en\/wp-json\/wp\/v2\/users\/15"}],"replies":[{"embeddable":true,"href":"https:\/\/www.cieau.org\/en\/wp-json\/wp\/v2\/comments?post=18912"}],"version-history":[{"count":1,"href":"https:\/\/www.cieau.org\/en\/wp-json\/wp\/v2\/posts\/18912\/revisions"}],"predecessor-version":[{"id":18913,"href":"https:\/\/www.cieau.org\/en\/wp-json\/wp\/v2\/posts\/18912\/revisions\/18913"}],"wp:featuredmedia":[{"embeddable":true,"href":"https:\/\/www.cieau.org\/en\/wp-json\/wp\/v2\/media\/10057"}],"wp:attachment":[{"href":"https:\/\/www.cieau.org\/en\/wp-json\/wp\/v2\/media?parent=18912"}],"wp:term":[{"taxonomy":"category","embeddable":true,"href":"https:\/\/www.cieau.org\/en\/wp-json\/wp\/v2\/categories?post=18912"},{"taxonomy":"post_tag","embeddable":true,"href":"https:\/\/www.cieau.org\/en\/wp-json\/wp\/v2\/tags?post=18912"}],"curies":[{"name":"wp","href":"https:\/\/api.w.org\/{rel}","templated":true}]}}