{"id":18921,"date":"2023-04-11T12:24:25","date_gmt":"2023-04-11T16:24:25","guid":{"rendered":"https:\/\/cieau.org\/articles\/c-i-eau-presents-raising-awareness-to-protect-water-resources\/"},"modified":"2025-04-01T12:19:21","modified_gmt":"2025-04-01T16:19:21","slug":"c-i-eau-presents-raising-awareness-to-protect-water-resources","status":"publish","type":"post","link":"https:\/\/www.cieau.org\/en\/articles\/c-i-eau-presents-raising-awareness-to-protect-water-resources\/","title":{"rendered":"C.I.EAU presents : Raising awareness to protect water resources"},"content":{"rendered":"\t\t<div data-elementor-type=\"wp-post\" data-elementor-id=\"18921\" class=\"elementor elementor-18921 elementor-9370\" data-elementor-post-type=\"post\">\n\t\t\t\t\t\t<section class=\"elementor-section elementor-top-section elementor-element elementor-element-26b8d826 elementor-section-boxed elementor-section-height-default elementor-section-height-default\" data-id=\"26b8d826\" data-element_type=\"section\" data-e-type=\"section\" data-settings=\"{&quot;jet_parallax_layout_list&quot;:[]}\">\n\t\t\t\t\t\t<div class=\"elementor-container elementor-column-gap-default\">\n\t\t\t\t\t<div class=\"elementor-column elementor-col-100 elementor-top-column elementor-element elementor-element-1f3c71fb\" data-id=\"1f3c71fb\" data-element_type=\"column\" data-e-type=\"column\">\n\t\t\t<div class=\"elementor-widget-wrap elementor-element-populated\">\n\t\t\t\t\t\t<div class=\"elementor-element elementor-element-12b3371f elementor-widget elementor-widget-text-editor\" data-id=\"12b3371f\" data-element_type=\"widget\" data-e-type=\"widget\" data-widget_type=\"text-editor.default\">\n\t\t\t\t<div class=\"elementor-widget-container\">\n\t\t\t\t\t\t\t\t\t<p>The Centre d&#8217;interpr\u00e9tation de l&#8217;eau was an active participant in the latest edition of Americana, <a href=\"https:\/\/reseau-environnement.com\/\">R\u00e9seau Environnement<\/a>&#8216;s environmental forum and technology trade show, from March 20 to 22, 2023 at the Palais des congr\u00e8s de Montr\u00e9al.<\/p>\n<p>For the occasion, C.I.EAU presented a kiosk for its services, and complemented the congress with the presentation of a first citizen awareness workshop linked to the protection of water resources. The workshop, presented on World Water Day, March 22, was entitled: &#8220;Raising awareness to protect water resources&#8221;. <\/p>\n<p>The session was presented by our project manager and science popularizer Benoit Chevrier, and moderated by Benoit Dion, Vice President Strategic Development at <a href=\"https:\/\/www.nordikeau.com\/\">Nordikeau<\/a>.<\/p>\n<p>The workshop was attended by municipal representatives and executives from North American water organizations such as AWWA (American Water Works Association) and WEF (Water Environment Federation).<\/p>\n<p>C.I.EAU would like to thank all workshop participants, including its guest collaborators Mr. Yanick Fortier, Superintendent of the City of Saint-Eustache&#8217;s water department, and Mr. Mathieu Maisonneuve, Mayor of the City of Saint-Lin-Laurentides.<\/p>\n<h2>Current issues relating to resource awareness<\/h2>\n<p>Three questions were addressed during this session of collective exchanges between the various participating players in the water sector:<\/p>\n<p>&#8220;What awareness-raising actions is your region implementing or planning to implement to limit drinking water consumption and, by the same token, the quality of water discharged into sewers?&#8221;<\/p>\n<p>&#8220;What are the present and future challenges for your region in terms of civic action? What realities are you confronted with every day?&#8221;<\/p>\n<p>&#8220;What are your needs in terms of awareness? What could help you improve your approaches to countering the associated issues?&#8221;<\/p>\n<p>After several sessions of constructive exchanges between the different tables, the solutions highlighted were more to do with education and the implementation of incentives and concrete measures to better preserve water.<\/p>\n<h2>The importance of education for a better understanding of water issues<\/h2>\n<p>It was noted that too many Quebecers have a mistaken perception of water resources. For example, many claim that we will never run out of water. This false assertion is linked to a misunderstanding or lack of knowledge of how our watersheds function. Water education is therefore the solution to the problem of misinformation about water resources, and to improving attitudes towards this vital resource.   <\/p>\n<p>In order to educate a population about these major issues, it was agreed during the session that the development of a school program integrated into the educational curriculum at various levels would be a solution worth considering. In fact, over 90% of young people between the ages of 12 and 18 are calling for climate education at school<a href=\"https:\/\/www.cieau.org\/en\/articles\/young-people-demand-climate-education\/\">(see our blog post L&#8217;\u00e9ducation climatique r\u00e9clam\u00e9e par les jeunes for a reference<\/a>). During the workshop, educational programs contributing to awareness were mentioned, such as C.I.EAU&#8217;s awareness-raising tools like the <a href=\"https:\/\/www.cieau.org\/en\/fantastikeau-2\/\">Fantastik&#8217;eau kit<\/a> and the museum&#8217;s many water-related <a href=\"https:\/\/www.cieau.org\/en\/school-activities\/\">scientific activities<\/a>.  <\/p>\n<p>However, participants stressed that young people are not the only ones who should receive this education. It is important to consider, in addition to responsible actions, the importance of maintaining and developing municipal infrastructures for water services. It was agreed that raising awareness among citizens and elected representatives is essential to fostering an understanding of these issues, and of the investments required to ensure the quality and efficiency of these services.  <\/p>\n<p>Educating the public about the resource would certainly help raise awareness by putting forward a clear message for all audiences. This consistency would help avoid the deconstruction of the key messages of the various water-related issues in the media coverage that is given to them. <\/p>\n<h2>Protecting water resources<\/h2>\n<p>According to several participants, the implementation of concrete measures to improve infrastructure maintenance and reward responsible behavior would represent one of the solutions to be observed to raise citizens&#8217; awareness. A program of rewards or financing through grants or loans to help municipalities was also proposed during the discussions. It was also mentioned that measuring water consumption and resource quality would be a good way of raising awareness.  <\/p>\n<p>In light of the discussions on the three questions presented, raising public awareness would be optimal if we could count on the participation of organizations, businesses, municipalities and various levels of government. The collaboration of all these players would help to achieve the objectives set to develop solutions and better preserve the resource in order to meet the challenges that threaten it. <\/p>\n<p>C.I.EAU is convinced of the relevance and effectiveness of this collaboration. Contact us to find out what we can do together to raise <a href=\"https:\/\/www.cieau.org\/en\/services-for-municipalities\/\">awareness of<\/a> water resources! <\/p>\n\t\t\t\t\t\t\t\t<\/div>\n\t\t\t\t<\/div>\n\t\t\t\t\t<\/div>\n\t\t<\/div>\n\t\t\t\t\t<\/div>\n\t\t<\/section>\n\t\t\t\t<section class=\"elementor-section elementor-top-section elementor-element elementor-element-88e4dc9 elementor-section-boxed elementor-section-height-default elementor-section-height-default\" data-id=\"88e4dc9\" data-element_type=\"section\" data-e-type=\"section\" data-settings=\"{&quot;jet_parallax_layout_list&quot;:[]}\">\n\t\t\t\t\t\t<div class=\"elementor-container elementor-column-gap-default\">\n\t\t\t\t\t<div class=\"elementor-column elementor-col-100 elementor-top-column elementor-element elementor-element-6160ca4\" data-id=\"6160ca4\" data-element_type=\"column\" data-e-type=\"column\">\n\t\t\t<div class=\"elementor-widget-wrap elementor-element-populated\">\n\t\t\t\t\t\t<div class=\"elementor-element elementor-element-815c7d9 elementor-widget elementor-widget-gallery\" data-id=\"815c7d9\" data-element_type=\"widget\" data-e-type=\"widget\" data-settings=\"{&quot;lazyload&quot;:&quot;yes&quot;,&quot;gallery_layout&quot;:&quot;grid&quot;,&quot;columns&quot;:4,&quot;columns_tablet&quot;:2,&quot;columns_mobile&quot;:1,&quot;gap&quot;:{&quot;unit&quot;:&quot;px&quot;,&quot;size&quot;:10,&quot;sizes&quot;:[]},&quot;gap_tablet&quot;:{&quot;unit&quot;:&quot;px&quot;,&quot;size&quot;:10,&quot;sizes&quot;:[]},&quot;gap_mobile&quot;:{&quot;unit&quot;:&quot;px&quot;,&quot;size&quot;:10,&quot;sizes&quot;:[]},&quot;link_to&quot;:&quot;file&quot;,&quot;aspect_ratio&quot;:&quot;3:2&quot;,&quot;overlay_background&quot;:&quot;yes&quot;,&quot;content_hover_animation&quot;:&quot;fade-in&quot;}\" data-widget_type=\"gallery.default\">\n\t\t\t\t<div class=\"elementor-widget-container\">\n\t\t\t\t\t\t\t<div class=\"elementor-gallery__container\">\n\t\t\t\t\t\t\t<a class=\"e-gallery-item elementor-gallery-item elementor-animated-content\" href=\"https:\/\/www.cieau.org\/wp-content\/uploads\/2023\/04\/P1017475-1.jpg\" data-elementor-open-lightbox=\"yes\" data-elementor-lightbox-slideshow=\"815c7d9\" data-elementor-lightbox-title=\"Panelistes de l&#039;atelier du C.I.EAU \u00e0 Americana 2023 : \u00ab La sensibilisation au service de la protection de la ressource en eau \u00bb\" data-elementor-lightbox-description=\"Panelistes de l&#039;atelier du C.I.EAU \u00e0 Americana 2023 : \u00abLa sensibilisation au service de la protection de la ressource en eau\u00bb\" data-e-action-hash=\"#elementor-action%3Aaction%3Dlightbox%26settings%3DeyJpZCI6OTQxNywidXJsIjoiaHR0cHM6XC9cL3d3dy5jaWVhdS5vcmdcL3dwLWNvbnRlbnRcL3VwbG9hZHNcLzIwMjNcLzA0XC9QMTAxNzQ3NS0xLmpwZyIsInNsaWRlc2hvdyI6IjgxNWM3ZDkifQ%3D%3D\">\n\t\t\t\t\t<div class=\"e-gallery-image elementor-gallery-item__image\" data-thumbnail=\"https:\/\/www.cieau.org\/wp-content\/uploads\/2023\/04\/P1017475-1-300x225.jpg\" data-width=\"300\" data-height=\"225\" aria-label=\"Panelistes de l&#039;atelier du C.I.EAU \u00e0 Americana 2023 : \u00abLa sensibilisation au service de la protection de la ressource en eau\u00bb\" role=\"img\" ><\/div>\n\t\t\t\t\t\t\t\t\t\t\t<div class=\"elementor-gallery-item__overlay\"><\/div>\n\t\t\t\t\t\t\t\t\t\t\t\t\t\t<\/a>\n\t\t\t\t\t\t\t<a class=\"e-gallery-item elementor-gallery-item elementor-animated-content\" href=\"https:\/\/www.cieau.org\/wp-content\/uploads\/2023\/04\/presentation-atelier-2.jpg\" data-elementor-open-lightbox=\"yes\" data-elementor-lightbox-slideshow=\"815c7d9\" data-elementor-lightbox-title=\"Panelistes de l&#039;atelier du C.I.EAU \u00e0 Americana 2023 : \u00ab La sensibilisation au service de la protection de la ressource en eau \u00bb\" data-elementor-lightbox-description=\"Panelistes de l&#039;atelier du C.I.EAU \u00e0 Americana 2023 : \u00ab La sensibilisation au service de la protection de la ressource en eau \u00bb\" data-e-action-hash=\"#elementor-action%3Aaction%3Dlightbox%26settings%3DeyJpZCI6OTQxOSwidXJsIjoiaHR0cHM6XC9cL3d3dy5jaWVhdS5vcmdcL3dwLWNvbnRlbnRcL3VwbG9hZHNcLzIwMjNcLzA0XC9wcmVzZW50YXRpb24tYXRlbGllci0yLmpwZyIsInNsaWRlc2hvdyI6IjgxNWM3ZDkifQ%3D%3D\">\n\t\t\t\t\t<div class=\"e-gallery-image elementor-gallery-item__image\" data-thumbnail=\"https:\/\/www.cieau.org\/wp-content\/uploads\/2023\/04\/presentation-atelier-2-300x225.jpg\" data-width=\"300\" data-height=\"225\" aria-label=\"Panelistes de l&#039;atelier du C.I.EAU \u00e0 Americana 2023 : \u00ab La sensibilisation au service de la protection de la ressource en eau \u00bb\" role=\"img\" ><\/div>\n\t\t\t\t\t\t\t\t\t\t\t<div class=\"elementor-gallery-item__overlay\"><\/div>\n\t\t\t\t\t\t\t\t\t\t\t\t\t\t<\/a>\n\t\t\t\t\t\t\t<a class=\"e-gallery-item elementor-gallery-item elementor-animated-content\" href=\"https:\/\/www.cieau.org\/wp-content\/uploads\/2023\/04\/P1017283.jpg\" data-elementor-open-lightbox=\"yes\" data-elementor-lightbox-slideshow=\"815c7d9\" data-elementor-lightbox-title=\"Benoit Chevrier pr\u00e9sente le C.I.EAU et l&#039;atelier de sensibilisation\" data-elementor-lightbox-description=\"Benoit Chevrier pr\u00e9sente le C.I.EAU et l&#039;atelier de sensibilisation\" data-e-action-hash=\"#elementor-action%3Aaction%3Dlightbox%26settings%3DeyJpZCI6OTM3NywidXJsIjoiaHR0cHM6XC9cL3d3dy5jaWVhdS5vcmdcL3dwLWNvbnRlbnRcL3VwbG9hZHNcLzIwMjNcLzA0XC9QMTAxNzI4My5qcGciLCJzbGlkZXNob3ciOiI4MTVjN2Q5In0%3D\">\n\t\t\t\t\t<div class=\"e-gallery-image elementor-gallery-item__image\" data-thumbnail=\"https:\/\/www.cieau.org\/wp-content\/uploads\/2023\/04\/P1017283-300x225.jpg\" data-width=\"300\" data-height=\"225\" aria-label=\"Benoit Chevrier pr\u00e9sente le C.I.EAU et l&#039;atelier de sensibilisation\" role=\"img\" ><\/div>\n\t\t\t\t\t\t\t\t\t\t\t<div class=\"elementor-gallery-item__overlay\"><\/div>\n\t\t\t\t\t\t\t\t\t\t\t\t\t\t<\/a>\n\t\t\t\t\t\t\t<a class=\"e-gallery-item elementor-gallery-item elementor-animated-content\" href=\"https:\/\/www.cieau.org\/wp-content\/uploads\/2023\/04\/benoit-dion-moderateur.jpg\" data-elementor-open-lightbox=\"yes\" data-elementor-lightbox-slideshow=\"815c7d9\" data-elementor-lightbox-title=\"Benoit Dion, Vice-Pr\u00e9sident  d\u00e9veloppement strat\u00e9gique chez Nordikeau\" data-elementor-lightbox-description=\"Benoit Dion, Vice-Pr\u00e9sident  d\u00e9veloppement strat\u00e9gique chez Nordikeau\" data-e-action-hash=\"#elementor-action%3Aaction%3Dlightbox%26settings%3DeyJpZCI6OTM5MywidXJsIjoiaHR0cHM6XC9cL3d3dy5jaWVhdS5vcmdcL3dwLWNvbnRlbnRcL3VwbG9hZHNcLzIwMjNcLzA0XC9iZW5vaXQtZGlvbi1tb2RlcmF0ZXVyLmpwZyIsInNsaWRlc2hvdyI6IjgxNWM3ZDkifQ%3D%3D\">\n\t\t\t\t\t<div class=\"e-gallery-image elementor-gallery-item__image\" data-thumbnail=\"https:\/\/www.cieau.org\/wp-content\/uploads\/2023\/04\/benoit-dion-moderateur-300x225.jpg\" data-width=\"300\" data-height=\"225\" aria-label=\"Benoit Dion, Vice-Pr\u00e9sident d\u00e9veloppement strat\u00e9gique chez Nordikeau\" role=\"img\" ><\/div>\n\t\t\t\t\t\t\t\t\t\t\t<div class=\"elementor-gallery-item__overlay\"><\/div>\n\t\t\t\t\t\t\t\t\t\t\t\t\t\t<\/a>\n\t\t\t\t\t\t\t<a class=\"e-gallery-item elementor-gallery-item elementor-animated-content\" href=\"https:\/\/www.cieau.org\/wp-content\/uploads\/2023\/04\/atelier-maisonneuve-1.jpg\" data-elementor-open-lightbox=\"yes\" data-elementor-lightbox-slideshow=\"815c7d9\" data-elementor-lightbox-title=\"Mathieu Maisonneuve, Maire de la Ville de Saint-Lin-Laurentides en discussion \u00e0 une des tables de l&#039;atelier\" data-elementor-lightbox-description=\"Mathieu Maisonneuve, Maire de la Ville de Saint-Lin-Laurentides en discussion \u00e0 une des tables de l&#039;atelier\" data-e-action-hash=\"#elementor-action%3Aaction%3Dlightbox%26settings%3DeyJpZCI6OTM4NSwidXJsIjoiaHR0cHM6XC9cL3d3dy5jaWVhdS5vcmdcL3dwLWNvbnRlbnRcL3VwbG9hZHNcLzIwMjNcLzA0XC9hdGVsaWVyLW1haXNvbm5ldXZlLTEuanBnIiwic2xpZGVzaG93IjoiODE1YzdkOSJ9\">\n\t\t\t\t\t<div class=\"e-gallery-image elementor-gallery-item__image\" data-thumbnail=\"https:\/\/www.cieau.org\/wp-content\/uploads\/2023\/04\/atelier-maisonneuve-1-300x225.jpg\" data-width=\"300\" data-height=\"225\" aria-label=\"Mathieu Maisonneuve, Maire de la Ville de Saint-Lin-Laurentides en discussion \u00e0 une des tables de l&#039;atelier\" role=\"img\" ><\/div>\n\t\t\t\t\t\t\t\t\t\t\t<div class=\"elementor-gallery-item__overlay\"><\/div>\n\t\t\t\t\t\t\t\t\t\t\t\t\t\t<\/a>\n\t\t\t\t\t\t\t<a class=\"e-gallery-item elementor-gallery-item elementor-animated-content\" href=\"https:\/\/www.cieau.org\/wp-content\/uploads\/2023\/04\/eng-table-1.jpg\" data-elementor-open-lightbox=\"yes\" data-elementor-lightbox-slideshow=\"815c7d9\" data-elementor-lightbox-title=\"Table  de d\u00e9bat en anglais de l&#039;atelier avec l&#039;AWWA et la WEF\" data-elementor-lightbox-description=\"Table de d\u00e9bat en anglais de l&#039;atelier avec l&#039;AWWA et la WEF\" data-e-action-hash=\"#elementor-action%3Aaction%3Dlightbox%26settings%3DeyJpZCI6OTM5NSwidXJsIjoiaHR0cHM6XC9cL3d3dy5jaWVhdS5vcmdcL3dwLWNvbnRlbnRcL3VwbG9hZHNcLzIwMjNcLzA0XC9lbmctdGFibGUtMS5qcGciLCJzbGlkZXNob3ciOiI4MTVjN2Q5In0%3D\">\n\t\t\t\t\t<div class=\"e-gallery-image elementor-gallery-item__image\" data-thumbnail=\"https:\/\/www.cieau.org\/wp-content\/uploads\/2023\/04\/eng-table-1-300x225.jpg\" data-width=\"300\" data-height=\"225\" aria-label=\"Table de d\u00e9bat en anglais de l&#039;atelier avec l&#039;AWWA et la WEF\" role=\"img\" ><\/div>\n\t\t\t\t\t\t\t\t\t\t\t<div class=\"elementor-gallery-item__overlay\"><\/div>\n\t\t\t\t\t\t\t\t\t\t\t\t\t\t<\/a>\n\t\t\t\t\t\t\t<a class=\"e-gallery-item elementor-gallery-item elementor-animated-content\" href=\"https:\/\/www.cieau.org\/wp-content\/uploads\/2023\/04\/Yannis-Infrastructure-Canada-1.jpg\" data-elementor-open-lightbox=\"yes\" data-elementor-lightbox-slideshow=\"815c7d9\" data-elementor-lightbox-title=\"Table de discussion pour l&#039;atelier\" data-elementor-lightbox-description=\"Table de discussion pour l&#039;atelier\" data-e-action-hash=\"#elementor-action%3Aaction%3Dlightbox%26settings%3DeyJpZCI6OTQyOSwidXJsIjoiaHR0cHM6XC9cL3d3dy5jaWVhdS5vcmdcL3dwLWNvbnRlbnRcL3VwbG9hZHNcLzIwMjNcLzA0XC9ZYW5uaXMtSW5mcmFzdHJ1Y3R1cmUtQ2FuYWRhLTEuanBnIiwic2xpZGVzaG93IjoiODE1YzdkOSJ9\">\n\t\t\t\t\t<div class=\"e-gallery-image elementor-gallery-item__image\" data-thumbnail=\"https:\/\/www.cieau.org\/wp-content\/uploads\/2023\/04\/Yannis-Infrastructure-Canada-1-300x225.jpg\" data-width=\"300\" data-height=\"225\" aria-label=\"Table de discussion pour l&#039;atelier\" role=\"img\" ><\/div>\n\t\t\t\t\t\t\t\t\t\t\t<div class=\"elementor-gallery-item__overlay\"><\/div>\n\t\t\t\t\t\t\t\t\t\t\t\t\t\t<\/a>\n\t\t\t\t\t\t\t<a class=\"e-gallery-item elementor-gallery-item elementor-animated-content\" href=\"https:\/\/www.cieau.org\/wp-content\/uploads\/2023\/04\/Geneviere-Pigeon-1.jpg\" data-elementor-open-lightbox=\"yes\" data-elementor-lightbox-slideshow=\"815c7d9\" data-elementor-lightbox-title=\"Genevi\u00e8ve Pigeon, paneliste de la Ville de Rivi\u00e8re-du-Loup\" data-elementor-lightbox-description=\"Genevi\u00e8ve Pigeon, paneliste, Ville de Rivi\u00e8re-du-Loup\" data-e-action-hash=\"#elementor-action%3Aaction%3Dlightbox%26settings%3DeyJpZCI6OTM5NywidXJsIjoiaHR0cHM6XC9cL3d3dy5jaWVhdS5vcmdcL3dwLWNvbnRlbnRcL3VwbG9hZHNcLzIwMjNcLzA0XC9HZW5ldmllcmUtUGlnZW9uLTEuanBnIiwic2xpZGVzaG93IjoiODE1YzdkOSJ9\">\n\t\t\t\t\t<div class=\"e-gallery-image elementor-gallery-item__image\" data-thumbnail=\"https:\/\/www.cieau.org\/wp-content\/uploads\/2023\/04\/Geneviere-Pigeon-1-300x225.jpg\" data-width=\"300\" data-height=\"225\" aria-label=\"Genevi\u00e8ve Pigeon, paneliste, Ville de Rivi\u00e8re-du-Loup\" role=\"img\" ><\/div>\n\t\t\t\t\t\t\t\t\t\t\t<div class=\"elementor-gallery-item__overlay\"><\/div>\n\t\t\t\t\t\t\t\t\t\t\t\t\t\t<\/a>\n\t\t\t\t\t\t\t<a class=\"e-gallery-item elementor-gallery-item elementor-animated-content\" href=\"https:\/\/www.cieau.org\/wp-content\/uploads\/2023\/04\/IMG_6332.jpg\" data-elementor-open-lightbox=\"yes\" data-elementor-lightbox-slideshow=\"815c7d9\" data-elementor-lightbox-title=\"L&#039;\u00e9quipe du C.I.EAU au kiosque du salon des exposants\" data-elementor-lightbox-description=\"L&#039;\u00e9quipe du C.I.EAU au kiosque du salon des exposants\" data-e-action-hash=\"#elementor-action%3Aaction%3Dlightbox%26settings%3DeyJpZCI6OTM5OSwidXJsIjoiaHR0cHM6XC9cL3d3dy5jaWVhdS5vcmdcL3dwLWNvbnRlbnRcL3VwbG9hZHNcLzIwMjNcLzA0XC9JTUdfNjMzMi5qcGciLCJzbGlkZXNob3ciOiI4MTVjN2Q5In0%3D\">\n\t\t\t\t\t<div class=\"e-gallery-image elementor-gallery-item__image\" data-thumbnail=\"https:\/\/www.cieau.org\/wp-content\/uploads\/2023\/04\/IMG_6332-300x225.jpg\" data-width=\"300\" data-height=\"225\" aria-label=\"L&#039;\u00e9quipe du C.I.EAU au kiosque du salon des exposants\" role=\"img\" ><\/div>\n\t\t\t\t\t\t\t\t\t\t\t<div class=\"elementor-gallery-item__overlay\"><\/div>\n\t\t\t\t\t\t\t\t\t\t\t\t\t\t<\/a>\n\t\t\t\t\t\t\t<a class=\"e-gallery-item elementor-gallery-item elementor-animated-content\" href=\"https:\/\/www.cieau.org\/wp-content\/uploads\/2023\/04\/PXL_20230320_134739041.jpg\" data-elementor-open-lightbox=\"yes\" data-elementor-lightbox-slideshow=\"815c7d9\" data-elementor-lightbox-title=\"L&#039;\u00e9quipe du C.I.EAU au kiosque du salon des exposants\" data-elementor-lightbox-description=\"L&#039;\u00e9quipe du C.I.EAU au kiosque du salon des exposants\" data-e-action-hash=\"#elementor-action%3Aaction%3Dlightbox%26settings%3DeyJpZCI6OTQyMywidXJsIjoiaHR0cHM6XC9cL3d3dy5jaWVhdS5vcmdcL3dwLWNvbnRlbnRcL3VwbG9hZHNcLzIwMjNcLzA0XC9QWExfMjAyMzAzMjBfMTM0NzM5MDQxLmpwZyIsInNsaWRlc2hvdyI6IjgxNWM3ZDkifQ%3D%3D\">\n\t\t\t\t\t<div class=\"e-gallery-image elementor-gallery-item__image\" data-thumbnail=\"https:\/\/www.cieau.org\/wp-content\/uploads\/2023\/04\/PXL_20230320_134739041-300x169.jpg\" data-width=\"300\" data-height=\"169\" aria-label=\"L&#039;\u00e9quipe du C.I.EAU au kiosque du salon des exposants\" role=\"img\" ><\/div>\n\t\t\t\t\t\t\t\t\t\t\t<div class=\"elementor-gallery-item__overlay\"><\/div>\n\t\t\t\t\t\t\t\t\t\t\t\t\t\t<\/a>\n\t\t\t\t\t\t\t<a class=\"e-gallery-item elementor-gallery-item elementor-animated-content\" href=\"https:\/\/www.cieau.org\/wp-content\/uploads\/2023\/04\/PXL_20230321_131349457.MP_.jpg\" data-elementor-open-lightbox=\"yes\" data-elementor-lightbox-slideshow=\"815c7d9\" data-elementor-lightbox-title=\"Anne-Pascale Richardson de AquaAction et Isabelle C\u00f4t\u00e9 du C.I.EAU\" data-elementor-lightbox-description=\"Anne-Pascale Richardson de AquaAction et Isabelle C\u00f4t\u00e9 du C.I.EAU\" data-e-action-hash=\"#elementor-action%3Aaction%3Dlightbox%26settings%3DeyJpZCI6OTQyNSwidXJsIjoiaHR0cHM6XC9cL3d3dy5jaWVhdS5vcmdcL3dwLWNvbnRlbnRcL3VwbG9hZHNcLzIwMjNcLzA0XC9QWExfMjAyMzAzMjFfMTMxMzQ5NDU3Lk1QXy5qcGciLCJzbGlkZXNob3ciOiI4MTVjN2Q5In0%3D\">\n\t\t\t\t\t<div class=\"e-gallery-image elementor-gallery-item__image\" data-thumbnail=\"https:\/\/www.cieau.org\/wp-content\/uploads\/2023\/04\/PXL_20230321_131349457.MP_-169x300.jpg\" data-width=\"169\" data-height=\"300\" aria-label=\"Anne-Pascale Richardson de AquaAction et Isabelle C\u00f4t\u00e9 du C.I.EAU\" role=\"img\" ><\/div>\n\t\t\t\t\t\t\t\t\t\t\t<div class=\"elementor-gallery-item__overlay\"><\/div>\n\t\t\t\t\t\t\t\t\t\t\t\t\t\t<\/a>\n\t\t\t\t\t\t\t<a class=\"e-gallery-item elementor-gallery-item elementor-animated-content\" href=\"https:\/\/www.cieau.org\/wp-content\/uploads\/2023\/04\/PXL_20230321_154708296.jpg\" data-elementor-open-lightbox=\"yes\" data-elementor-lightbox-slideshow=\"815c7d9\" data-elementor-lightbox-title=\"Le kiosque du C.I.EAU en action au salon des exposants\" data-elementor-lightbox-description=\"Le kiosque du C.I.EAU en action au salon des exposants\" data-e-action-hash=\"#elementor-action%3Aaction%3Dlightbox%26settings%3DeyJpZCI6OTQyNywidXJsIjoiaHR0cHM6XC9cL3d3dy5jaWVhdS5vcmdcL3dwLWNvbnRlbnRcL3VwbG9hZHNcLzIwMjNcLzA0XC9QWExfMjAyMzAzMjFfMTU0NzA4Mjk2LmpwZyIsInNsaWRlc2hvdyI6IjgxNWM3ZDkifQ%3D%3D\">\n\t\t\t\t\t<div class=\"e-gallery-image elementor-gallery-item__image\" data-thumbnail=\"https:\/\/www.cieau.org\/wp-content\/uploads\/2023\/04\/PXL_20230321_154708296-300x169.jpg\" data-width=\"300\" data-height=\"169\" aria-label=\"Le kiosque du C.I.EAU en action au salon des exposants\" role=\"img\" ><\/div>\n\t\t\t\t\t\t\t\t\t\t\t<div class=\"elementor-gallery-item__overlay\"><\/div>\n\t\t\t\t\t\t\t\t\t\t\t\t\t\t<\/a>\n\t\t\t\t\t<\/div>\n\t\t\t\t\t<\/div>\n\t\t\t\t<\/div>\n\t\t\t\t\t<\/div>\n\t\t<\/div>\n\t\t\t\t\t<\/div>\n\t\t<\/section>\n\t\t\t\t<\/div>\n\t\t","protected":false},"excerpt":{"rendered":"<p>The Centre d&#8217;interpr\u00e9tation de l&#8217;eau presented a workshop entitled &#8220;Raising awareness to protect water resources&#8221; at the last edition of Americana.<\/p>\n","protected":false},"author":15,"featured_media":9420,"comment_status":"closed","ping_status":"closed","sticky":false,"template":"","format":"standard","meta":{"_acf_changed":false,"page_builder":"","footnotes":""},"categories":[66],"tags":[],"class_list":["post-18921","post","type-post","status-publish","format-standard","has-post-thumbnail","hentry","category-all-about-water"],"acf":[],"yoast_head":"<!-- This site is optimized with the Yoast SEO plugin v28.3 - https:\/\/yoast.com\/product\/yoast-seo-wordpress\/ -->\n<title>C.I.EAU presents : Raising awareness to protect water resources - C.I.Eau<\/title>\n<meta name=\"description\" content=\"C.I.EAU took part in the latest edition of Americana and presented the workshop &quot;Raising awareness to protect water resources&quot;.\" \/>\n<meta name=\"robots\" content=\"index, follow, max-snippet:-1, max-image-preview:large, max-video-preview:-1\" \/>\n<link rel=\"canonical\" href=\"https:\/\/www.cieau.org\/en\/articles\/c-i-eau-presents-raising-awareness-to-protect-water-resources\/\" \/>\n<meta property=\"og:locale\" content=\"en_US\" \/>\n<meta property=\"og:type\" content=\"article\" \/>\n<meta property=\"og:title\" content=\"C.I.EAU presents : Raising awareness to protect water resources - C.I.Eau\" \/>\n<meta property=\"og:description\" content=\"C.I.EAU took part in the latest edition of Americana and presented the workshop &quot;Raising awareness to protect water resources&quot;.\" \/>\n<meta property=\"og:url\" content=\"https:\/\/www.cieau.org\/en\/articles\/c-i-eau-presents-raising-awareness-to-protect-water-resources\/\" \/>\n<meta property=\"og:site_name\" content=\"C.I.Eau\" \/>\n<meta property=\"article:publisher\" content=\"https:\/\/www.facebook.com\/C.I.EAU\" \/>\n<meta property=\"article:published_time\" content=\"2023-04-11T16:24:25+00:00\" \/>\n<meta property=\"article:modified_time\" content=\"2025-04-01T16:19:21+00:00\" \/>\n<meta property=\"og:image\" content=\"https:\/\/www.cieau.org\/wp-content\/uploads\/2023\/04\/presentation-atelier-2.jpg\" \/>\n\t<meta property=\"og:image:width\" content=\"1333\" \/>\n\t<meta property=\"og:image:height\" content=\"1000\" \/>\n\t<meta property=\"og:image:type\" content=\"image\/jpeg\" \/>\n<meta name=\"author\" content=\"Isabelle C\u00f4t\u00e9\" \/>\n<meta name=\"twitter:card\" content=\"summary_large_image\" \/>\n<meta name=\"twitter:label1\" content=\"Written by\" \/>\n\t<meta name=\"twitter:data1\" content=\"Isabelle C\u00f4t\u00e9\" \/>\n\t<meta name=\"twitter:label2\" content=\"Est. reading time\" \/>\n\t<meta name=\"twitter:data2\" content=\"4 minutes\" \/>\n<script type=\"application\/ld+json\" class=\"yoast-schema-graph\">{\"@context\":\"https:\\\/\\\/schema.org\",\"@graph\":[{\"@type\":\"Article\",\"@id\":\"https:\\\/\\\/www.cieau.org\\\/en\\\/articles\\\/c-i-eau-presents-raising-awareness-to-protect-water-resources\\\/#article\",\"isPartOf\":{\"@id\":\"https:\\\/\\\/www.cieau.org\\\/en\\\/articles\\\/c-i-eau-presents-raising-awareness-to-protect-water-resources\\\/\"},\"author\":{\"name\":\"Isabelle C\u00f4t\u00e9\",\"@id\":\"https:\\\/\\\/www.cieau.org\\\/en\\\/#\\\/schema\\\/person\\\/6431266980a346bc9d10cb4870e9efcd\"},\"headline\":\"C.I.EAU presents : Raising awareness to protect water resources\",\"datePublished\":\"2023-04-11T16:24:25+00:00\",\"dateModified\":\"2025-04-01T16:19:21+00:00\",\"mainEntityOfPage\":{\"@id\":\"https:\\\/\\\/www.cieau.org\\\/en\\\/articles\\\/c-i-eau-presents-raising-awareness-to-protect-water-resources\\\/\"},\"wordCount\":767,\"publisher\":{\"@id\":\"https:\\\/\\\/www.cieau.org\\\/en\\\/#organization\"},\"image\":{\"@id\":\"https:\\\/\\\/www.cieau.org\\\/en\\\/articles\\\/c-i-eau-presents-raising-awareness-to-protect-water-resources\\\/#primaryimage\"},\"thumbnailUrl\":\"https:\\\/\\\/www.cieau.org\\\/wp-content\\\/uploads\\\/2023\\\/04\\\/presentation-atelier-2.jpg\",\"articleSection\":[\"All about water\"],\"inLanguage\":\"en-US\"},{\"@type\":\"WebPage\",\"@id\":\"https:\\\/\\\/www.cieau.org\\\/en\\\/articles\\\/c-i-eau-presents-raising-awareness-to-protect-water-resources\\\/\",\"url\":\"https:\\\/\\\/www.cieau.org\\\/en\\\/articles\\\/c-i-eau-presents-raising-awareness-to-protect-water-resources\\\/\",\"name\":\"C.I.EAU presents : Raising awareness to protect water resources - C.I.Eau\",\"isPartOf\":{\"@id\":\"https:\\\/\\\/www.cieau.org\\\/en\\\/#website\"},\"primaryImageOfPage\":{\"@id\":\"https:\\\/\\\/www.cieau.org\\\/en\\\/articles\\\/c-i-eau-presents-raising-awareness-to-protect-water-resources\\\/#primaryimage\"},\"image\":{\"@id\":\"https:\\\/\\\/www.cieau.org\\\/en\\\/articles\\\/c-i-eau-presents-raising-awareness-to-protect-water-resources\\\/#primaryimage\"},\"thumbnailUrl\":\"https:\\\/\\\/www.cieau.org\\\/wp-content\\\/uploads\\\/2023\\\/04\\\/presentation-atelier-2.jpg\",\"datePublished\":\"2023-04-11T16:24:25+00:00\",\"dateModified\":\"2025-04-01T16:19:21+00:00\",\"description\":\"C.I.EAU took part in the latest edition of Americana and presented the workshop \\\"Raising awareness to protect water resources\\\".\",\"breadcrumb\":{\"@id\":\"https:\\\/\\\/www.cieau.org\\\/en\\\/articles\\\/c-i-eau-presents-raising-awareness-to-protect-water-resources\\\/#breadcrumb\"},\"inLanguage\":\"en-US\",\"potentialAction\":[{\"@type\":\"ReadAction\",\"target\":[\"https:\\\/\\\/www.cieau.org\\\/en\\\/articles\\\/c-i-eau-presents-raising-awareness-to-protect-water-resources\\\/\"]}]},{\"@type\":\"ImageObject\",\"inLanguage\":\"en-US\",\"@id\":\"https:\\\/\\\/www.cieau.org\\\/en\\\/articles\\\/c-i-eau-presents-raising-awareness-to-protect-water-resources\\\/#primaryimage\",\"url\":\"https:\\\/\\\/www.cieau.org\\\/wp-content\\\/uploads\\\/2023\\\/04\\\/presentation-atelier-2.jpg\",\"contentUrl\":\"https:\\\/\\\/www.cieau.org\\\/wp-content\\\/uploads\\\/2023\\\/04\\\/presentation-atelier-2.jpg\",\"width\":1333,\"height\":1000,\"caption\":\"Panelistes de l'atelier du C.I.EAU \u00e0 Americana 2023 : \u00ab La sensibilisation au service de la protection de la ressource en eau \u00bb\"},{\"@type\":\"BreadcrumbList\",\"@id\":\"https:\\\/\\\/www.cieau.org\\\/en\\\/articles\\\/c-i-eau-presents-raising-awareness-to-protect-water-resources\\\/#breadcrumb\",\"itemListElement\":[{\"@type\":\"ListItem\",\"position\":1,\"name\":\"Accueil\",\"item\":\"https:\\\/\\\/www.cieau.org\\\/en\\\/home\\\/\"},{\"@type\":\"ListItem\",\"position\":2,\"name\":\"C.I.EAU presents : Raising awareness to protect water resources\"}]},{\"@type\":\"WebSite\",\"@id\":\"https:\\\/\\\/www.cieau.org\\\/en\\\/#website\",\"url\":\"https:\\\/\\\/www.cieau.org\\\/en\\\/\",\"name\":\"C.I.Eau\",\"description\":\"\",\"publisher\":{\"@id\":\"https:\\\/\\\/www.cieau.org\\\/en\\\/#organization\"},\"potentialAction\":[{\"@type\":\"SearchAction\",\"target\":{\"@type\":\"EntryPoint\",\"urlTemplate\":\"https:\\\/\\\/www.cieau.org\\\/en\\\/?s={search_term_string}\"},\"query-input\":{\"@type\":\"PropertyValueSpecification\",\"valueRequired\":true,\"valueName\":\"search_term_string\"}}],\"inLanguage\":\"en-US\"},{\"@type\":\"Organization\",\"@id\":\"https:\\\/\\\/www.cieau.org\\\/en\\\/#organization\",\"name\":\"C.I.Eau\",\"url\":\"https:\\\/\\\/www.cieau.org\\\/en\\\/\",\"logo\":{\"@type\":\"ImageObject\",\"inLanguage\":\"en-US\",\"@id\":\"https:\\\/\\\/www.cieau.org\\\/en\\\/#\\\/schema\\\/logo\\\/image\\\/\",\"url\":\"https:\\\/\\\/www.cieau.org\\\/wp-content\\\/uploads\\\/2021\\\/10\\\/Logo_CIeau.png\",\"contentUrl\":\"https:\\\/\\\/www.cieau.org\\\/wp-content\\\/uploads\\\/2021\\\/10\\\/Logo_CIeau.png\",\"width\":500,\"height\":308,\"caption\":\"C.I.Eau\"},\"image\":{\"@id\":\"https:\\\/\\\/www.cieau.org\\\/en\\\/#\\\/schema\\\/logo\\\/image\\\/\"},\"sameAs\":[\"https:\\\/\\\/www.facebook.com\\\/C.I.EAU\"]},{\"@type\":\"Person\",\"@id\":\"https:\\\/\\\/www.cieau.org\\\/en\\\/#\\\/schema\\\/person\\\/6431266980a346bc9d10cb4870e9efcd\",\"name\":\"Isabelle C\u00f4t\u00e9\",\"image\":{\"@type\":\"ImageObject\",\"inLanguage\":\"en-US\",\"@id\":\"https:\\\/\\\/secure.gravatar.com\\\/avatar\\\/c0eeace412367ae21d38b05844c1165c6f58c9e46d928897c1a4f834c3e901b2?s=96&d=mm&r=g\",\"url\":\"https:\\\/\\\/secure.gravatar.com\\\/avatar\\\/c0eeace412367ae21d38b05844c1165c6f58c9e46d928897c1a4f834c3e901b2?s=96&d=mm&r=g\",\"contentUrl\":\"https:\\\/\\\/secure.gravatar.com\\\/avatar\\\/c0eeace412367ae21d38b05844c1165c6f58c9e46d928897c1a4f834c3e901b2?s=96&d=mm&r=g\",\"caption\":\"Isabelle C\u00f4t\u00e9\"},\"url\":\"https:\\\/\\\/www.cieau.org\\\/en\\\/articles\\\/author\\\/icote\\\/\"}]}<\/script>\n<!-- \/ Yoast SEO plugin. -->","yoast_head_json":{"title":"C.I.EAU presents : Raising awareness to protect water resources - C.I.Eau","description":"C.I.EAU took part in the latest edition of Americana and presented the workshop \"Raising awareness to protect water resources\".","robots":{"index":"index","follow":"follow","max-snippet":"max-snippet:-1","max-image-preview":"max-image-preview:large","max-video-preview":"max-video-preview:-1"},"canonical":"https:\/\/www.cieau.org\/en\/articles\/c-i-eau-presents-raising-awareness-to-protect-water-resources\/","og_locale":"en_US","og_type":"article","og_title":"C.I.EAU presents : Raising awareness to protect water resources - C.I.Eau","og_description":"C.I.EAU took part in the latest edition of Americana and presented the workshop \"Raising awareness to protect water resources\".","og_url":"https:\/\/www.cieau.org\/en\/articles\/c-i-eau-presents-raising-awareness-to-protect-water-resources\/","og_site_name":"C.I.Eau","article_publisher":"https:\/\/www.facebook.com\/C.I.EAU","article_published_time":"2023-04-11T16:24:25+00:00","article_modified_time":"2025-04-01T16:19:21+00:00","og_image":[{"width":1333,"height":1000,"url":"https:\/\/www.cieau.org\/wp-content\/uploads\/2023\/04\/presentation-atelier-2.jpg","type":"image\/jpeg"}],"author":"Isabelle C\u00f4t\u00e9","twitter_card":"summary_large_image","twitter_misc":{"Written by":"Isabelle C\u00f4t\u00e9","Est. reading time":"4 minutes"},"schema":{"@context":"https:\/\/schema.org","@graph":[{"@type":"Article","@id":"https:\/\/www.cieau.org\/en\/articles\/c-i-eau-presents-raising-awareness-to-protect-water-resources\/#article","isPartOf":{"@id":"https:\/\/www.cieau.org\/en\/articles\/c-i-eau-presents-raising-awareness-to-protect-water-resources\/"},"author":{"name":"Isabelle C\u00f4t\u00e9","@id":"https:\/\/www.cieau.org\/en\/#\/schema\/person\/6431266980a346bc9d10cb4870e9efcd"},"headline":"C.I.EAU presents : Raising awareness to protect water resources","datePublished":"2023-04-11T16:24:25+00:00","dateModified":"2025-04-01T16:19:21+00:00","mainEntityOfPage":{"@id":"https:\/\/www.cieau.org\/en\/articles\/c-i-eau-presents-raising-awareness-to-protect-water-resources\/"},"wordCount":767,"publisher":{"@id":"https:\/\/www.cieau.org\/en\/#organization"},"image":{"@id":"https:\/\/www.cieau.org\/en\/articles\/c-i-eau-presents-raising-awareness-to-protect-water-resources\/#primaryimage"},"thumbnailUrl":"https:\/\/www.cieau.org\/wp-content\/uploads\/2023\/04\/presentation-atelier-2.jpg","articleSection":["All about water"],"inLanguage":"en-US"},{"@type":"WebPage","@id":"https:\/\/www.cieau.org\/en\/articles\/c-i-eau-presents-raising-awareness-to-protect-water-resources\/","url":"https:\/\/www.cieau.org\/en\/articles\/c-i-eau-presents-raising-awareness-to-protect-water-resources\/","name":"C.I.EAU presents : Raising awareness to protect water resources - C.I.Eau","isPartOf":{"@id":"https:\/\/www.cieau.org\/en\/#website"},"primaryImageOfPage":{"@id":"https:\/\/www.cieau.org\/en\/articles\/c-i-eau-presents-raising-awareness-to-protect-water-resources\/#primaryimage"},"image":{"@id":"https:\/\/www.cieau.org\/en\/articles\/c-i-eau-presents-raising-awareness-to-protect-water-resources\/#primaryimage"},"thumbnailUrl":"https:\/\/www.cieau.org\/wp-content\/uploads\/2023\/04\/presentation-atelier-2.jpg","datePublished":"2023-04-11T16:24:25+00:00","dateModified":"2025-04-01T16:19:21+00:00","description":"C.I.EAU took part in the latest edition of Americana and presented the workshop \"Raising awareness to protect water resources\".","breadcrumb":{"@id":"https:\/\/www.cieau.org\/en\/articles\/c-i-eau-presents-raising-awareness-to-protect-water-resources\/#breadcrumb"},"inLanguage":"en-US","potentialAction":[{"@type":"ReadAction","target":["https:\/\/www.cieau.org\/en\/articles\/c-i-eau-presents-raising-awareness-to-protect-water-resources\/"]}]},{"@type":"ImageObject","inLanguage":"en-US","@id":"https:\/\/www.cieau.org\/en\/articles\/c-i-eau-presents-raising-awareness-to-protect-water-resources\/#primaryimage","url":"https:\/\/www.cieau.org\/wp-content\/uploads\/2023\/04\/presentation-atelier-2.jpg","contentUrl":"https:\/\/www.cieau.org\/wp-content\/uploads\/2023\/04\/presentation-atelier-2.jpg","width":1333,"height":1000,"caption":"Panelistes de l'atelier du C.I.EAU \u00e0 Americana 2023 : \u00ab La sensibilisation au service de la protection de la ressource en eau \u00bb"},{"@type":"BreadcrumbList","@id":"https:\/\/www.cieau.org\/en\/articles\/c-i-eau-presents-raising-awareness-to-protect-water-resources\/#breadcrumb","itemListElement":[{"@type":"ListItem","position":1,"name":"Accueil","item":"https:\/\/www.cieau.org\/en\/home\/"},{"@type":"ListItem","position":2,"name":"C.I.EAU presents : Raising awareness to protect water resources"}]},{"@type":"WebSite","@id":"https:\/\/www.cieau.org\/en\/#website","url":"https:\/\/www.cieau.org\/en\/","name":"C.I.Eau","description":"","publisher":{"@id":"https:\/\/www.cieau.org\/en\/#organization"},"potentialAction":[{"@type":"SearchAction","target":{"@type":"EntryPoint","urlTemplate":"https:\/\/www.cieau.org\/en\/?s={search_term_string}"},"query-input":{"@type":"PropertyValueSpecification","valueRequired":true,"valueName":"search_term_string"}}],"inLanguage":"en-US"},{"@type":"Organization","@id":"https:\/\/www.cieau.org\/en\/#organization","name":"C.I.Eau","url":"https:\/\/www.cieau.org\/en\/","logo":{"@type":"ImageObject","inLanguage":"en-US","@id":"https:\/\/www.cieau.org\/en\/#\/schema\/logo\/image\/","url":"https:\/\/www.cieau.org\/wp-content\/uploads\/2021\/10\/Logo_CIeau.png","contentUrl":"https:\/\/www.cieau.org\/wp-content\/uploads\/2021\/10\/Logo_CIeau.png","width":500,"height":308,"caption":"C.I.Eau"},"image":{"@id":"https:\/\/www.cieau.org\/en\/#\/schema\/logo\/image\/"},"sameAs":["https:\/\/www.facebook.com\/C.I.EAU"]},{"@type":"Person","@id":"https:\/\/www.cieau.org\/en\/#\/schema\/person\/6431266980a346bc9d10cb4870e9efcd","name":"Isabelle C\u00f4t\u00e9","image":{"@type":"ImageObject","inLanguage":"en-US","@id":"https:\/\/secure.gravatar.com\/avatar\/c0eeace412367ae21d38b05844c1165c6f58c9e46d928897c1a4f834c3e901b2?s=96&d=mm&r=g","url":"https:\/\/secure.gravatar.com\/avatar\/c0eeace412367ae21d38b05844c1165c6f58c9e46d928897c1a4f834c3e901b2?s=96&d=mm&r=g","contentUrl":"https:\/\/secure.gravatar.com\/avatar\/c0eeace412367ae21d38b05844c1165c6f58c9e46d928897c1a4f834c3e901b2?s=96&d=mm&r=g","caption":"Isabelle C\u00f4t\u00e9"},"url":"https:\/\/www.cieau.org\/en\/articles\/author\/icote\/"}]}},"_links":{"self":[{"href":"https:\/\/www.cieau.org\/en\/wp-json\/wp\/v2\/posts\/18921","targetHints":{"allow":["GET"]}}],"collection":[{"href":"https:\/\/www.cieau.org\/en\/wp-json\/wp\/v2\/posts"}],"about":[{"href":"https:\/\/www.cieau.org\/en\/wp-json\/wp\/v2\/types\/post"}],"author":[{"embeddable":true,"href":"https:\/\/www.cieau.org\/en\/wp-json\/wp\/v2\/users\/15"}],"replies":[{"embeddable":true,"href":"https:\/\/www.cieau.org\/en\/wp-json\/wp\/v2\/comments?post=18921"}],"version-history":[{"count":1,"href":"https:\/\/www.cieau.org\/en\/wp-json\/wp\/v2\/posts\/18921\/revisions"}],"predecessor-version":[{"id":18922,"href":"https:\/\/www.cieau.org\/en\/wp-json\/wp\/v2\/posts\/18921\/revisions\/18922"}],"wp:featuredmedia":[{"embeddable":true,"href":"https:\/\/www.cieau.org\/en\/wp-json\/wp\/v2\/media\/9420"}],"wp:attachment":[{"href":"https:\/\/www.cieau.org\/en\/wp-json\/wp\/v2\/media?parent=18921"}],"wp:term":[{"taxonomy":"category","embeddable":true,"href":"https:\/\/www.cieau.org\/en\/wp-json\/wp\/v2\/categories?post=18921"},{"taxonomy":"post_tag","embeddable":true,"href":"https:\/\/www.cieau.org\/en\/wp-json\/wp\/v2\/tags?post=18921"}],"curies":[{"name":"wp","href":"https:\/\/api.w.org\/{rel}","templated":true}]}}