{"id":18926,"date":"2022-11-16T11:17:56","date_gmt":"2022-11-16T16:17:56","guid":{"rendered":"https:\/\/cieau.org\/articles\/the-derive-exhibition-a-dialogue-with-riviere-des-prairies\/"},"modified":"2025-04-01T12:19:50","modified_gmt":"2025-04-01T16:19:50","slug":"the-derive-exhibition-a-dialogue-with-riviere-des-prairies","status":"publish","type":"post","link":"https:\/\/www.cieau.org\/en\/articles\/the-derive-exhibition-a-dialogue-with-riviere-des-prairies\/","title":{"rendered":"The D\u00e9rive exhibition: a dialogue with Rivi\u00e8re des Prairies"},"content":{"rendered":"\t\t<div data-elementor-type=\"wp-post\" data-elementor-id=\"18926\" class=\"elementor elementor-18926 elementor-8384\" data-elementor-post-type=\"post\">\n\t\t\t\t\t\t<section class=\"elementor-section elementor-top-section elementor-element elementor-element-6930d8b7 elementor-section-boxed elementor-section-height-default elementor-section-height-default\" data-id=\"6930d8b7\" data-element_type=\"section\" data-e-type=\"section\" data-settings=\"{&quot;jet_parallax_layout_list&quot;:[]}\">\n\t\t\t\t\t\t<div class=\"elementor-container elementor-column-gap-default\">\n\t\t\t\t\t<div class=\"elementor-column elementor-col-100 elementor-top-column elementor-element elementor-element-4f97a929\" data-id=\"4f97a929\" data-element_type=\"column\" data-e-type=\"column\">\n\t\t\t<div class=\"elementor-widget-wrap elementor-element-populated\">\n\t\t\t\t\t\t<div class=\"elementor-element elementor-element-2de7e91d elementor-widget elementor-widget-text-editor\" data-id=\"2de7e91d\" data-element_type=\"widget\" data-e-type=\"widget\" data-widget_type=\"text-editor.default\">\n\t\t\t\t<div class=\"elementor-widget-container\">\n\t\t\t\t\t\t\t\t\t<p><i>Article written by Alexandre Lafortune, Project Manager and Curator, C.I.EAU<\/i><\/p>\n<p>The temporary exhibition entitled &#8220;D\u00e9rive&#8221; at the Centre d&#8217;interpr\u00e9tation de l&#8217;eau features works by Laval painter Lucette Tremblay. The paintings, digital works and photo mosaics on display question our lost, found or preserved link with the Rivi\u00e8re des Prairies. <\/p>\n<h2>The active past of a &#8220;muzzled&#8221; river<\/h2>\n<p>A lost link, because historically, the river&#8217;s role has been central to the daily life of the local population: water mills feeding industry, timber transport with the cageux that descended the river and its powerful rapids, recreational activities, fishing, swimming, navigation, crossings&#8230;<\/p>\n<figure id=\"attachment_8390\" aria-describedby=\"caption-attachment-8390\" style=\"width: 300px\" class=\"wp-caption alignright\"><img fetchpriority=\"high\" decoding=\"async\" class=\"size-medium wp-image-8390\" src=\"https:\/\/www.cieau.org\/wp-content\/uploads\/2022\/11\/Image-rapides-1-300x224.jpg\" alt=\"Rivi\u00e8re des Prairies rapids\" width=\"300\" height=\"224\" srcset=\"https:\/\/www.cieau.org\/wp-content\/uploads\/2022\/11\/Image-rapides-1-300x224.jpg 300w, https:\/\/www.cieau.org\/wp-content\/uploads\/2022\/11\/Image-rapides-1-1024x763.jpg 1024w, https:\/\/www.cieau.org\/wp-content\/uploads\/2022\/11\/Image-rapides-1-768x572.jpg 768w, https:\/\/www.cieau.org\/wp-content\/uploads\/2022\/11\/Image-rapides-1.jpg 1080w\" sizes=\"(max-width: 300px) 100vw, 300px\" \/><figcaption id=\"caption-attachment-8390\" class=\"wp-caption-text\">Photograph of Rivi\u00e8re des Prairies rapids<\/figcaption><\/figure>\n<p>Nowadays, swimming is forbidden, watermills are part of our heritage, cageux are a historical fact&#8230; the river is muzzled! The Rivi\u00e8re-des-Prairies generating station has been producing hydroelectricity for almost a hundred years, and its construction in 1928 made the river&#8217;s rapids disappear: Sault de la Visitation, Sault des Prairies, Sault Bordeaux and Sault Cheval blanc. Like teeth she can no longer show.  <\/p>\n<p>The Rivi\u00e8re des Prairies also crosses on both sides. There are 13 bridges crossing the river between Laval and Montreal, not to mention the Orange Line metro. As such, the river is barely an obstacle; just another stretch of road on the route.  <\/p>\n<h2>Tame the river<\/h2>\n<p>For Lucette Tremblay, the link is not necessarily broken. The river occupies our thoughts, our daily lives and our moods, through the cycle of the seasons. The river is with us from winter to summer, and in a very distinct way. Through the seasons and the river, we experience a range of emotions: joy, meditation, confusion, love and friendship. Does the river inhabit your mind? It certainly inhabits your body.     <\/p>\n<p>Visit the<a href=\"https:\/\/www.cieau.org\/expo-temporaire\/\">D\u00e9rive exhibition<\/a> free of charge during museum opening hours until January 22, 2023 at the Centre d&#8217;interpr\u00e9tation de l&#8217;eau in Laval.<\/p>\n<h2>Watch the video interview with Lucette Tremblay on our YouTube channel!<\/h2>\n\t\t\t\t\t\t\t\t<\/div>\n\t\t\t\t<\/div>\n\t\t\t\t\t<\/div>\n\t\t<\/div>\n\t\t\t\t\t<\/div>\n\t\t<\/section>\n\t\t\t\t<section class=\"elementor-section elementor-top-section elementor-element elementor-element-50de943 elementor-section-boxed elementor-section-height-default elementor-section-height-default\" data-id=\"50de943\" data-element_type=\"section\" data-e-type=\"section\" data-settings=\"{&quot;jet_parallax_layout_list&quot;:[]}\">\n\t\t\t\t\t\t<div class=\"elementor-container elementor-column-gap-default\">\n\t\t\t\t\t<div class=\"elementor-column elementor-col-100 elementor-top-column elementor-element elementor-element-b0ca872\" data-id=\"b0ca872\" data-element_type=\"column\" data-e-type=\"column\">\n\t\t\t<div class=\"elementor-widget-wrap elementor-element-populated\">\n\t\t\t\t\t\t<div class=\"elementor-element elementor-element-ee9b818 elementor-widget elementor-widget-video\" data-id=\"ee9b818\" data-element_type=\"widget\" data-e-type=\"widget\" data-settings=\"{&quot;youtube_url&quot;:&quot;https:\\\/\\\/youtu.be\\\/obxJ4B3vWPQ&quot;,&quot;video_type&quot;:&quot;youtube&quot;,&quot;controls&quot;:&quot;yes&quot;}\" data-widget_type=\"video.default\">\n\t\t\t\t<div class=\"elementor-widget-container\">\n\t\t\t\t\t\t\t<div class=\"elementor-wrapper elementor-open-inline\">\n\t\t\t<div class=\"elementor-video\"><\/div>\t\t<\/div>\n\t\t\t\t\t\t<\/div>\n\t\t\t\t<\/div>\n\t\t\t\t\t<\/div>\n\t\t<\/div>\n\t\t\t\t\t<\/div>\n\t\t<\/section>\n\t\t\t\t<\/div>\n\t\t","protected":false},"excerpt":{"rendered":"<p>The temporary exhibition &#8220;D\u00e9rive&#8221; at the Centre d&#8217;interpr\u00e9tation de l&#8217;eau features works by Laval visual artist Lucette Tremblay. Visit D\u00e9rive free of charge during museum opening hours until January 22, 2023! <\/p>\n","protected":false},"author":15,"featured_media":8545,"comment_status":"closed","ping_status":"closed","sticky":false,"template":"","format":"standard","meta":{"_acf_changed":false,"page_builder":"","footnotes":""},"categories":[98],"tags":[],"class_list":["post-18926","post","type-post","status-publish","format-standard","has-post-thumbnail","hentry","category-temporary-exhibitions"],"acf":[],"yoast_head":"<!-- This site is optimized with the Yoast SEO plugin v28.3 - https:\/\/yoast.com\/product\/yoast-seo-wordpress\/ -->\n<title>D\u00e9rives exhibition at C.I.EAU<\/title>\n<meta name=\"description\" content=\"The temporary exhibition &quot;D\u00e9rive&quot; at the Centre d&#039;interpr\u00e9tation de l&#039;eau features works by Laval painter Lucette Tremblay. Visit D\u00e9rive free of charge during museum opening hours until January 22, 2023!\" \/>\n<meta name=\"robots\" content=\"index, follow, max-snippet:-1, max-image-preview:large, max-video-preview:-1\" \/>\n<link rel=\"canonical\" href=\"https:\/\/www.cieau.org\/en\/articles\/the-derive-exhibition-a-dialogue-with-riviere-des-prairies\/\" \/>\n<meta property=\"og:locale\" content=\"en_US\" \/>\n<meta property=\"og:type\" content=\"article\" \/>\n<meta property=\"og:title\" content=\"D\u00e9rives exhibition at C.I.EAU\" \/>\n<meta property=\"og:description\" content=\"The temporary exhibition &quot;D\u00e9rive&quot; at the Centre d&#039;interpr\u00e9tation de l&#039;eau features works by Laval painter Lucette Tremblay. Visit D\u00e9rive free of charge during museum opening hours until January 22, 2023!\" \/>\n<meta property=\"og:url\" content=\"https:\/\/www.cieau.org\/en\/articles\/the-derive-exhibition-a-dialogue-with-riviere-des-prairies\/\" \/>\n<meta property=\"og:site_name\" content=\"C.I.Eau\" \/>\n<meta property=\"article:publisher\" content=\"https:\/\/www.facebook.com\/C.I.EAU\" \/>\n<meta property=\"article:published_time\" content=\"2022-11-16T16:17:56+00:00\" \/>\n<meta property=\"article:modified_time\" content=\"2025-04-01T16:19:50+00:00\" \/>\n<meta property=\"og:image\" content=\"https:\/\/www.cieau.org\/wp-content\/uploads\/2022\/11\/Capture-Lucette-Trembaly-en-atelier-png-redimensionne.jpg\" \/>\n\t<meta property=\"og:image:width\" content=\"920\" \/>\n\t<meta property=\"og:image:height\" content=\"406\" \/>\n\t<meta property=\"og:image:type\" content=\"image\/jpeg\" \/>\n<meta name=\"author\" content=\"Isabelle C\u00f4t\u00e9\" \/>\n<meta name=\"twitter:card\" content=\"summary_large_image\" \/>\n<meta name=\"twitter:label1\" content=\"Written by\" \/>\n\t<meta name=\"twitter:data1\" content=\"Isabelle C\u00f4t\u00e9\" \/>\n\t<meta name=\"twitter:label2\" content=\"Est. reading time\" \/>\n\t<meta name=\"twitter:data2\" content=\"2 minutes\" \/>\n<script type=\"application\/ld+json\" class=\"yoast-schema-graph\">{\"@context\":\"https:\\\/\\\/schema.org\",\"@graph\":[{\"@type\":\"Article\",\"@id\":\"https:\\\/\\\/www.cieau.org\\\/en\\\/articles\\\/the-derive-exhibition-a-dialogue-with-riviere-des-prairies\\\/#article\",\"isPartOf\":{\"@id\":\"https:\\\/\\\/www.cieau.org\\\/en\\\/articles\\\/the-derive-exhibition-a-dialogue-with-riviere-des-prairies\\\/\"},\"author\":{\"name\":\"Isabelle C\u00f4t\u00e9\",\"@id\":\"https:\\\/\\\/www.cieau.org\\\/en\\\/#\\\/schema\\\/person\\\/6431266980a346bc9d10cb4870e9efcd\"},\"headline\":\"The D\u00e9rive exhibition: a dialogue with Rivi\u00e8re des Prairies\",\"datePublished\":\"2022-11-16T16:17:56+00:00\",\"dateModified\":\"2025-04-01T16:19:50+00:00\",\"mainEntityOfPage\":{\"@id\":\"https:\\\/\\\/www.cieau.org\\\/en\\\/articles\\\/the-derive-exhibition-a-dialogue-with-riviere-des-prairies\\\/\"},\"wordCount\":351,\"publisher\":{\"@id\":\"https:\\\/\\\/www.cieau.org\\\/en\\\/#organization\"},\"image\":{\"@id\":\"https:\\\/\\\/www.cieau.org\\\/en\\\/articles\\\/the-derive-exhibition-a-dialogue-with-riviere-des-prairies\\\/#primaryimage\"},\"thumbnailUrl\":\"https:\\\/\\\/www.cieau.org\\\/wp-content\\\/uploads\\\/2022\\\/11\\\/Capture-Lucette-Trembaly-en-atelier-png-redimensionne.jpg\",\"articleSection\":[\"Temporary exhibitions\"],\"inLanguage\":\"en-US\"},{\"@type\":\"WebPage\",\"@id\":\"https:\\\/\\\/www.cieau.org\\\/en\\\/articles\\\/the-derive-exhibition-a-dialogue-with-riviere-des-prairies\\\/\",\"url\":\"https:\\\/\\\/www.cieau.org\\\/en\\\/articles\\\/the-derive-exhibition-a-dialogue-with-riviere-des-prairies\\\/\",\"name\":\"D\u00e9rives exhibition at C.I.EAU\",\"isPartOf\":{\"@id\":\"https:\\\/\\\/www.cieau.org\\\/en\\\/#website\"},\"primaryImageOfPage\":{\"@id\":\"https:\\\/\\\/www.cieau.org\\\/en\\\/articles\\\/the-derive-exhibition-a-dialogue-with-riviere-des-prairies\\\/#primaryimage\"},\"image\":{\"@id\":\"https:\\\/\\\/www.cieau.org\\\/en\\\/articles\\\/the-derive-exhibition-a-dialogue-with-riviere-des-prairies\\\/#primaryimage\"},\"thumbnailUrl\":\"https:\\\/\\\/www.cieau.org\\\/wp-content\\\/uploads\\\/2022\\\/11\\\/Capture-Lucette-Trembaly-en-atelier-png-redimensionne.jpg\",\"datePublished\":\"2022-11-16T16:17:56+00:00\",\"dateModified\":\"2025-04-01T16:19:50+00:00\",\"description\":\"The temporary exhibition \\\"D\u00e9rive\\\" at the Centre d'interpr\u00e9tation de l'eau features works by Laval painter Lucette Tremblay. Visit D\u00e9rive free of charge during museum opening hours until January 22, 2023!\",\"breadcrumb\":{\"@id\":\"https:\\\/\\\/www.cieau.org\\\/en\\\/articles\\\/the-derive-exhibition-a-dialogue-with-riviere-des-prairies\\\/#breadcrumb\"},\"inLanguage\":\"en-US\",\"potentialAction\":[{\"@type\":\"ReadAction\",\"target\":[\"https:\\\/\\\/www.cieau.org\\\/en\\\/articles\\\/the-derive-exhibition-a-dialogue-with-riviere-des-prairies\\\/\"]}]},{\"@type\":\"ImageObject\",\"inLanguage\":\"en-US\",\"@id\":\"https:\\\/\\\/www.cieau.org\\\/en\\\/articles\\\/the-derive-exhibition-a-dialogue-with-riviere-des-prairies\\\/#primaryimage\",\"url\":\"https:\\\/\\\/www.cieau.org\\\/wp-content\\\/uploads\\\/2022\\\/11\\\/Capture-Lucette-Trembaly-en-atelier-png-redimensionne.jpg\",\"contentUrl\":\"https:\\\/\\\/www.cieau.org\\\/wp-content\\\/uploads\\\/2022\\\/11\\\/Capture-Lucette-Trembaly-en-atelier-png-redimensionne.jpg\",\"width\":920,\"height\":406,\"caption\":\"Lucette Tremblay dans son atelier de cr\u00e9ation\"},{\"@type\":\"BreadcrumbList\",\"@id\":\"https:\\\/\\\/www.cieau.org\\\/en\\\/articles\\\/the-derive-exhibition-a-dialogue-with-riviere-des-prairies\\\/#breadcrumb\",\"itemListElement\":[{\"@type\":\"ListItem\",\"position\":1,\"name\":\"Accueil\",\"item\":\"https:\\\/\\\/www.cieau.org\\\/en\\\/home\\\/\"},{\"@type\":\"ListItem\",\"position\":2,\"name\":\"The D\u00e9rive exhibition: a dialogue with Rivi\u00e8re des Prairies\"}]},{\"@type\":\"WebSite\",\"@id\":\"https:\\\/\\\/www.cieau.org\\\/en\\\/#website\",\"url\":\"https:\\\/\\\/www.cieau.org\\\/en\\\/\",\"name\":\"C.I.Eau\",\"description\":\"\",\"publisher\":{\"@id\":\"https:\\\/\\\/www.cieau.org\\\/en\\\/#organization\"},\"potentialAction\":[{\"@type\":\"SearchAction\",\"target\":{\"@type\":\"EntryPoint\",\"urlTemplate\":\"https:\\\/\\\/www.cieau.org\\\/en\\\/?s={search_term_string}\"},\"query-input\":{\"@type\":\"PropertyValueSpecification\",\"valueRequired\":true,\"valueName\":\"search_term_string\"}}],\"inLanguage\":\"en-US\"},{\"@type\":\"Organization\",\"@id\":\"https:\\\/\\\/www.cieau.org\\\/en\\\/#organization\",\"name\":\"C.I.Eau\",\"url\":\"https:\\\/\\\/www.cieau.org\\\/en\\\/\",\"logo\":{\"@type\":\"ImageObject\",\"inLanguage\":\"en-US\",\"@id\":\"https:\\\/\\\/www.cieau.org\\\/en\\\/#\\\/schema\\\/logo\\\/image\\\/\",\"url\":\"https:\\\/\\\/www.cieau.org\\\/wp-content\\\/uploads\\\/2021\\\/10\\\/Logo_CIeau.png\",\"contentUrl\":\"https:\\\/\\\/www.cieau.org\\\/wp-content\\\/uploads\\\/2021\\\/10\\\/Logo_CIeau.png\",\"width\":500,\"height\":308,\"caption\":\"C.I.Eau\"},\"image\":{\"@id\":\"https:\\\/\\\/www.cieau.org\\\/en\\\/#\\\/schema\\\/logo\\\/image\\\/\"},\"sameAs\":[\"https:\\\/\\\/www.facebook.com\\\/C.I.EAU\"]},{\"@type\":\"Person\",\"@id\":\"https:\\\/\\\/www.cieau.org\\\/en\\\/#\\\/schema\\\/person\\\/6431266980a346bc9d10cb4870e9efcd\",\"name\":\"Isabelle C\u00f4t\u00e9\",\"image\":{\"@type\":\"ImageObject\",\"inLanguage\":\"en-US\",\"@id\":\"https:\\\/\\\/secure.gravatar.com\\\/avatar\\\/c0eeace412367ae21d38b05844c1165c6f58c9e46d928897c1a4f834c3e901b2?s=96&d=mm&r=g\",\"url\":\"https:\\\/\\\/secure.gravatar.com\\\/avatar\\\/c0eeace412367ae21d38b05844c1165c6f58c9e46d928897c1a4f834c3e901b2?s=96&d=mm&r=g\",\"contentUrl\":\"https:\\\/\\\/secure.gravatar.com\\\/avatar\\\/c0eeace412367ae21d38b05844c1165c6f58c9e46d928897c1a4f834c3e901b2?s=96&d=mm&r=g\",\"caption\":\"Isabelle C\u00f4t\u00e9\"},\"url\":\"https:\\\/\\\/www.cieau.org\\\/en\\\/articles\\\/author\\\/icote\\\/\"}]}<\/script>\n<!-- \/ Yoast SEO plugin. -->","yoast_head_json":{"title":"D\u00e9rives exhibition at C.I.EAU","description":"The temporary exhibition \"D\u00e9rive\" at the Centre d'interpr\u00e9tation de l'eau features works by Laval painter Lucette Tremblay. Visit D\u00e9rive free of charge during museum opening hours until January 22, 2023!","robots":{"index":"index","follow":"follow","max-snippet":"max-snippet:-1","max-image-preview":"max-image-preview:large","max-video-preview":"max-video-preview:-1"},"canonical":"https:\/\/www.cieau.org\/en\/articles\/the-derive-exhibition-a-dialogue-with-riviere-des-prairies\/","og_locale":"en_US","og_type":"article","og_title":"D\u00e9rives exhibition at C.I.EAU","og_description":"The temporary exhibition \"D\u00e9rive\" at the Centre d'interpr\u00e9tation de l'eau features works by Laval painter Lucette Tremblay. Visit D\u00e9rive free of charge during museum opening hours until January 22, 2023!","og_url":"https:\/\/www.cieau.org\/en\/articles\/the-derive-exhibition-a-dialogue-with-riviere-des-prairies\/","og_site_name":"C.I.Eau","article_publisher":"https:\/\/www.facebook.com\/C.I.EAU","article_published_time":"2022-11-16T16:17:56+00:00","article_modified_time":"2025-04-01T16:19:50+00:00","og_image":[{"width":920,"height":406,"url":"https:\/\/www.cieau.org\/wp-content\/uploads\/2022\/11\/Capture-Lucette-Trembaly-en-atelier-png-redimensionne.jpg","type":"image\/jpeg"}],"author":"Isabelle C\u00f4t\u00e9","twitter_card":"summary_large_image","twitter_misc":{"Written by":"Isabelle C\u00f4t\u00e9","Est. reading time":"2 minutes"},"schema":{"@context":"https:\/\/schema.org","@graph":[{"@type":"Article","@id":"https:\/\/www.cieau.org\/en\/articles\/the-derive-exhibition-a-dialogue-with-riviere-des-prairies\/#article","isPartOf":{"@id":"https:\/\/www.cieau.org\/en\/articles\/the-derive-exhibition-a-dialogue-with-riviere-des-prairies\/"},"author":{"name":"Isabelle C\u00f4t\u00e9","@id":"https:\/\/www.cieau.org\/en\/#\/schema\/person\/6431266980a346bc9d10cb4870e9efcd"},"headline":"The D\u00e9rive exhibition: a dialogue with Rivi\u00e8re des Prairies","datePublished":"2022-11-16T16:17:56+00:00","dateModified":"2025-04-01T16:19:50+00:00","mainEntityOfPage":{"@id":"https:\/\/www.cieau.org\/en\/articles\/the-derive-exhibition-a-dialogue-with-riviere-des-prairies\/"},"wordCount":351,"publisher":{"@id":"https:\/\/www.cieau.org\/en\/#organization"},"image":{"@id":"https:\/\/www.cieau.org\/en\/articles\/the-derive-exhibition-a-dialogue-with-riviere-des-prairies\/#primaryimage"},"thumbnailUrl":"https:\/\/www.cieau.org\/wp-content\/uploads\/2022\/11\/Capture-Lucette-Trembaly-en-atelier-png-redimensionne.jpg","articleSection":["Temporary exhibitions"],"inLanguage":"en-US"},{"@type":"WebPage","@id":"https:\/\/www.cieau.org\/en\/articles\/the-derive-exhibition-a-dialogue-with-riviere-des-prairies\/","url":"https:\/\/www.cieau.org\/en\/articles\/the-derive-exhibition-a-dialogue-with-riviere-des-prairies\/","name":"D\u00e9rives exhibition at C.I.EAU","isPartOf":{"@id":"https:\/\/www.cieau.org\/en\/#website"},"primaryImageOfPage":{"@id":"https:\/\/www.cieau.org\/en\/articles\/the-derive-exhibition-a-dialogue-with-riviere-des-prairies\/#primaryimage"},"image":{"@id":"https:\/\/www.cieau.org\/en\/articles\/the-derive-exhibition-a-dialogue-with-riviere-des-prairies\/#primaryimage"},"thumbnailUrl":"https:\/\/www.cieau.org\/wp-content\/uploads\/2022\/11\/Capture-Lucette-Trembaly-en-atelier-png-redimensionne.jpg","datePublished":"2022-11-16T16:17:56+00:00","dateModified":"2025-04-01T16:19:50+00:00","description":"The temporary exhibition \"D\u00e9rive\" at the Centre d'interpr\u00e9tation de l'eau features works by Laval painter Lucette Tremblay. Visit D\u00e9rive free of charge during museum opening hours until January 22, 2023!","breadcrumb":{"@id":"https:\/\/www.cieau.org\/en\/articles\/the-derive-exhibition-a-dialogue-with-riviere-des-prairies\/#breadcrumb"},"inLanguage":"en-US","potentialAction":[{"@type":"ReadAction","target":["https:\/\/www.cieau.org\/en\/articles\/the-derive-exhibition-a-dialogue-with-riviere-des-prairies\/"]}]},{"@type":"ImageObject","inLanguage":"en-US","@id":"https:\/\/www.cieau.org\/en\/articles\/the-derive-exhibition-a-dialogue-with-riviere-des-prairies\/#primaryimage","url":"https:\/\/www.cieau.org\/wp-content\/uploads\/2022\/11\/Capture-Lucette-Trembaly-en-atelier-png-redimensionne.jpg","contentUrl":"https:\/\/www.cieau.org\/wp-content\/uploads\/2022\/11\/Capture-Lucette-Trembaly-en-atelier-png-redimensionne.jpg","width":920,"height":406,"caption":"Lucette Tremblay dans son atelier de cr\u00e9ation"},{"@type":"BreadcrumbList","@id":"https:\/\/www.cieau.org\/en\/articles\/the-derive-exhibition-a-dialogue-with-riviere-des-prairies\/#breadcrumb","itemListElement":[{"@type":"ListItem","position":1,"name":"Accueil","item":"https:\/\/www.cieau.org\/en\/home\/"},{"@type":"ListItem","position":2,"name":"The D\u00e9rive exhibition: a dialogue with Rivi\u00e8re des Prairies"}]},{"@type":"WebSite","@id":"https:\/\/www.cieau.org\/en\/#website","url":"https:\/\/www.cieau.org\/en\/","name":"C.I.Eau","description":"","publisher":{"@id":"https:\/\/www.cieau.org\/en\/#organization"},"potentialAction":[{"@type":"SearchAction","target":{"@type":"EntryPoint","urlTemplate":"https:\/\/www.cieau.org\/en\/?s={search_term_string}"},"query-input":{"@type":"PropertyValueSpecification","valueRequired":true,"valueName":"search_term_string"}}],"inLanguage":"en-US"},{"@type":"Organization","@id":"https:\/\/www.cieau.org\/en\/#organization","name":"C.I.Eau","url":"https:\/\/www.cieau.org\/en\/","logo":{"@type":"ImageObject","inLanguage":"en-US","@id":"https:\/\/www.cieau.org\/en\/#\/schema\/logo\/image\/","url":"https:\/\/www.cieau.org\/wp-content\/uploads\/2021\/10\/Logo_CIeau.png","contentUrl":"https:\/\/www.cieau.org\/wp-content\/uploads\/2021\/10\/Logo_CIeau.png","width":500,"height":308,"caption":"C.I.Eau"},"image":{"@id":"https:\/\/www.cieau.org\/en\/#\/schema\/logo\/image\/"},"sameAs":["https:\/\/www.facebook.com\/C.I.EAU"]},{"@type":"Person","@id":"https:\/\/www.cieau.org\/en\/#\/schema\/person\/6431266980a346bc9d10cb4870e9efcd","name":"Isabelle C\u00f4t\u00e9","image":{"@type":"ImageObject","inLanguage":"en-US","@id":"https:\/\/secure.gravatar.com\/avatar\/c0eeace412367ae21d38b05844c1165c6f58c9e46d928897c1a4f834c3e901b2?s=96&d=mm&r=g","url":"https:\/\/secure.gravatar.com\/avatar\/c0eeace412367ae21d38b05844c1165c6f58c9e46d928897c1a4f834c3e901b2?s=96&d=mm&r=g","contentUrl":"https:\/\/secure.gravatar.com\/avatar\/c0eeace412367ae21d38b05844c1165c6f58c9e46d928897c1a4f834c3e901b2?s=96&d=mm&r=g","caption":"Isabelle C\u00f4t\u00e9"},"url":"https:\/\/www.cieau.org\/en\/articles\/author\/icote\/"}]}},"_links":{"self":[{"href":"https:\/\/www.cieau.org\/en\/wp-json\/wp\/v2\/posts\/18926","targetHints":{"allow":["GET"]}}],"collection":[{"href":"https:\/\/www.cieau.org\/en\/wp-json\/wp\/v2\/posts"}],"about":[{"href":"https:\/\/www.cieau.org\/en\/wp-json\/wp\/v2\/types\/post"}],"author":[{"embeddable":true,"href":"https:\/\/www.cieau.org\/en\/wp-json\/wp\/v2\/users\/15"}],"replies":[{"embeddable":true,"href":"https:\/\/www.cieau.org\/en\/wp-json\/wp\/v2\/comments?post=18926"}],"version-history":[{"count":1,"href":"https:\/\/www.cieau.org\/en\/wp-json\/wp\/v2\/posts\/18926\/revisions"}],"predecessor-version":[{"id":18927,"href":"https:\/\/www.cieau.org\/en\/wp-json\/wp\/v2\/posts\/18926\/revisions\/18927"}],"wp:featuredmedia":[{"embeddable":true,"href":"https:\/\/www.cieau.org\/en\/wp-json\/wp\/v2\/media\/8545"}],"wp:attachment":[{"href":"https:\/\/www.cieau.org\/en\/wp-json\/wp\/v2\/media?parent=18926"}],"wp:term":[{"taxonomy":"category","embeddable":true,"href":"https:\/\/www.cieau.org\/en\/wp-json\/wp\/v2\/categories?post=18926"},{"taxonomy":"post_tag","embeddable":true,"href":"https:\/\/www.cieau.org\/en\/wp-json\/wp\/v2\/tags?post=18926"}],"curies":[{"name":"wp","href":"https:\/\/api.w.org\/{rel}","templated":true}]}}