{"id":21618,"date":"2025-11-09T16:19:23","date_gmt":"2025-11-09T21:19:23","guid":{"rendered":"https:\/\/cieau.org\/articles\/the-andre-perrault-eau-prix-de-la-releve-2026-edition\/"},"modified":"2026-02-24T12:03:32","modified_gmt":"2026-02-24T17:03:32","slug":"the-andre-perrault-eau-prix-de-la-releve-2026-edition","status":"publish","type":"post","link":"https:\/\/www.cieau.org\/en\/articles\/the-andre-perrault-eau-prix-de-la-releve-2026-edition\/","title":{"rendered":"The Prix de la Rel\u00e8ve EAU Andr\u00e9 Perrault : 2026 Edition"},"content":{"rendered":"\n<p class=\"wp-block-paragraph\">On October 23, 2025, the Centre d&#8217;interpr\u00e9tation de l&#8217;eau (C.I.EAU) proudly announced the return of its water management system at R\u00e9seau Environnement&#8217;s Symposium sur la gestion de l&#8217;eau 2025.  <strong>The 2026 edition of the Prix de la rel\u00e8ve EAU Andr\u00e9 Perrault Emerging Talent Award <\/strong>will celebrate young innovators, researchers and enthusiasts in the field of water. Inspired by the vision of C.I.EAU founder <strong>Andr\u00e9 Perrault<\/strong>, the award aims to highlight emerging talent and forward-looking initiatives in the water sector. <\/p>\n\n<div class=\"wp-block-buttons is-content-justification-center is-layout-flex wp-container-core-buttons-is-layout-3e41869c wp-block-buttons-is-layout-flex\">\n<div class=\"wp-block-button\"><a class=\"wp-block-button__link has-background has-small-font-size has-custom-font-size wp-element-button\" href=\"https:\/\/www.cieau.org\/en\/articles\/the-andre-perrault-eau-prix-de-la-releve-2026-edition\/#ParticiperMaintenant\" style=\"background-color:#2bb1c5\"><strong>HOW TO PARTICIPATE<\/strong><\/a><\/div>\n<\/div>\n\n<p class=\"wp-block-paragraph\"><br\/>The Prix de la rel\u00e8ve offers the winner a unique opportunity to <strong>develop his or her professional network<\/strong>, <strong>showcase innovative ideas<\/strong> and <strong>enjoy privileged visibility<\/strong> with experts and influential organizations in the water sector.<br\/><\/p>\n\n<div class=\"wp-block-columns is-layout-flex wp-container-core-columns-is-layout-7387b849 wp-block-columns-is-layout-flex\">\n<div class=\"wp-block-column is-layout-flow wp-block-column-is-layout-flow\" style=\"flex-basis:33.33%\">\n<figure class=\"wp-block-image alignright size-large is-resized\"><img fetchpriority=\"high\" decoding=\"async\" width=\"1024\" height=\"1024\" src=\"https:\/\/www.cieau.org\/wp-content\/uploads\/2025\/11\/Logo-CIEau-rond-fond-perdu-1024x1024.png\" alt=\"\" class=\"wp-image-21243\" style=\"width:213px;height:auto\" srcset=\"https:\/\/www.cieau.org\/wp-content\/uploads\/2025\/11\/Logo-CIEau-rond-fond-perdu-1024x1024.png 1024w, https:\/\/www.cieau.org\/wp-content\/uploads\/2025\/11\/Logo-CIEau-rond-fond-perdu-300x300.png 300w, https:\/\/www.cieau.org\/wp-content\/uploads\/2025\/11\/Logo-CIEau-rond-fond-perdu-150x150.png 150w, https:\/\/www.cieau.org\/wp-content\/uploads\/2025\/11\/Logo-CIEau-rond-fond-perdu-768x768.png 768w, https:\/\/www.cieau.org\/wp-content\/uploads\/2025\/11\/Logo-CIEau-rond-fond-perdu-1536x1536.png 1536w, https:\/\/www.cieau.org\/wp-content\/uploads\/2025\/11\/Logo-CIEau-rond-fond-perdu.png 1800w\" sizes=\"(max-width: 1024px) 100vw, 1024px\" \/><\/figure>\n<\/div>\n\n\n\n<div class=\"wp-block-column is-layout-flow wp-block-column-is-layout-flow\" style=\"flex-basis:66.66%\">\n<p class=\"wp-block-paragraph\"><strong>The prize highlights :<\/strong><\/p>\n\n\n\n<ul class=\"wp-block-list\">\n<li>The innovative and exceptional nature of the actions or achievements in the water sector;<\/li>\n\n\n\n<li>The dedication and exemplary work of the young up-and-coming generation;<\/li>\n\n\n\n<li>Quebec expertise in water management and protection ;<\/li>\n\n\n\n<li>Excellence in the development of best practices and water-related technologies;<\/li>\n\n\n\n<li>Young people&#8217;s commitment to resource-related jobs and research.<\/li>\n<\/ul>\n<\/div>\n<\/div>\n\n<p class=\"wp-block-paragraph\"><br\/>The 2026 edition of the contest features the following prizes! The winner will receive several benefits, including : <br\/> <\/p>\n\n<ul class=\"wp-block-list\">\n<li>A<strong> $2,000 bursary<\/strong> courtesy of the <strong>Fondation de Gasp\u00e9 Beaubien<\/strong>;<\/li>\n\n\n\n<li><strong>Admission to the Salon des technologies environnementales du Qu\u00e9bec<\/strong> organized by <strong>R\u00e9seau Environnement<\/strong>;<\/li>\n\n\n\n<li>A <strong>mention with photo<\/strong> in <strong>Vecteur Environnement magazine <\/strong>;<\/li>\n\n\n\n<li>An <strong>article dedicated to<\/strong> the winner in <strong>MAYA communication marketing&#8217;s Source Magazine<\/strong>;<\/li>\n\n\n\n<li>C.I.EAU <strong>media promotion<\/strong>;<\/li>\n\n\n\n<li>An emblematic water <strong>trophy <\/strong>;<\/li>\n\n\n\n<li><strong>New for the 2026 edition<\/strong>: an <strong>official awards ceremony<\/strong> at the <strong>Salon des technologies environnementales du Qu\u00e9bec on March 18 and 19, 2026<\/strong>, organized by R\u00e9seau Environnement.<\/li>\n<\/ul>\n\n<figure class=\"wp-block-image aligncenter size-large is-resized\"><img decoding=\"async\" width=\"1024\" height=\"794\" src=\"https:\/\/www.cieau.org\/wp-content\/uploads\/2025\/11\/SOUREYATOU-RELEVE-2024-1024x794.jpg\" alt=\"\" class=\"wp-image-21249\" style=\"width:486px;height:auto\" srcset=\"https:\/\/www.cieau.org\/wp-content\/uploads\/2025\/11\/SOUREYATOU-RELEVE-2024-1024x794.jpg 1024w, https:\/\/www.cieau.org\/wp-content\/uploads\/2025\/11\/SOUREYATOU-RELEVE-2024-300x233.jpg 300w, https:\/\/www.cieau.org\/wp-content\/uploads\/2025\/11\/SOUREYATOU-RELEVE-2024-768x596.jpg 768w, https:\/\/www.cieau.org\/wp-content\/uploads\/2025\/11\/SOUREYATOU-RELEVE-2024.jpg 1289w\" sizes=\"(max-width: 1024px) 100vw, 1024px\" \/><\/figure>\n\n<p class=\"has-text-align-center has-small-font-size wp-block-paragraph\"><em>Photo: Winner Soureyatou Hamidou and Andr\u00e9 Perrault at the 2024 Emerging Talent Award ceremony.<\/em><\/p>\n\n<div class=\"wp-block-buttons is-content-justification-center is-layout-flex wp-container-core-buttons-is-layout-3e41869c wp-block-buttons-is-layout-flex\">\n<div class=\"wp-block-button\"><a class=\"wp-block-button__link has-background has-small-font-size has-custom-font-size wp-element-button\" href=\"https:\/\/www.cieau.org\/en\/articles\/celebrating-innovation-and-excellence-in-the-water-sector-the-2024-emerging-talent-award\/\" style=\"background-color:#2bb1c5\"><strong>DISCOVER THE 2024 EDITION<\/strong><\/a><\/div>\n<\/div>\n\n<h2 class=\"wp-block-heading\"><br\/><strong>A jury of experts<\/strong><\/h2>\n\n<p class=\"wp-block-paragraph\">The jury is composed of professionals recognized for their expertise and commitment to the water and environmental sectors. It brings together Marie-Paule Jeansonne, Executive Director of the Gasp\u00e9 Beaubien Foundation; Nicolas Fabre, Water Sector Coordinator at R\u00e9seau Environnement; Martine Lanoue, Water Management Engineer at the City of Terrebonne; Anne-Pascale Richardson, Director of AquaHacking and AquaNation at AquaAction; and Denise Cloutier, Chair of the Board of Directors of the C.I.EAU.  <\/p>\n\n<p class=\"wp-block-paragraph\">Through the diversity of their backgrounds and organizations, these members provide complementary and rigorous perspectives, ensuring a fair and thorough evaluation of the quality, innovation and impact of the applications.<br\/><\/p>\n\n<h2 class=\"wp-block-heading\"><br\/><strong>Valuing the next generation and inspiring change<\/strong><\/h2>\n\n<p class=\"wp-block-paragraph\">With this award, the C.I.EAU reaffirms its commitment to <strong>protecting water and recognizing up-and-coming talent<\/strong>. The competition is an essential platform for showcasing young agents of change and raising public awareness of the importance of sustainable management of our most precious resource. <\/p>\n\n<p class=\"wp-block-paragraph\">This project is made possible thanks to the collaboration of the <strong>Fondation de Gasp\u00e9 Beaubien,<\/strong> <strong>R\u00e9seau Environnement<\/strong> and <strong>MAYA communication marketing&#8217;s Magazine Source<\/strong>. C.I.EAU thanks its partners for their ongoing support and commitment to youth and water conservation. <\/p>\n\n<div class=\"wp-block-columns is-layout-flex wp-container-core-columns-is-layout-7387b849 wp-block-columns-is-layout-flex\">\n<div class=\"wp-block-column is-vertically-aligned-center is-layout-flow wp-block-column-is-layout-flow\">\n<figure class=\"wp-block-image aligncenter size-large is-resized\"><img decoding=\"async\" width=\"1024\" height=\"768\" src=\"https:\/\/www.cieau.org\/wp-content\/uploads\/2025\/11\/annonce-lors-du-symposium-1024x768.jpg\" alt=\"\" class=\"wp-image-21247\" style=\"width:309px;height:auto\" srcset=\"https:\/\/www.cieau.org\/wp-content\/uploads\/2025\/11\/annonce-lors-du-symposium-1024x768.jpg 1024w, https:\/\/www.cieau.org\/wp-content\/uploads\/2025\/11\/annonce-lors-du-symposium-300x225.jpg 300w, https:\/\/www.cieau.org\/wp-content\/uploads\/2025\/11\/annonce-lors-du-symposium-768x576.jpg 768w, https:\/\/www.cieau.org\/wp-content\/uploads\/2025\/11\/annonce-lors-du-symposium-1536x1152.jpg 1536w, https:\/\/www.cieau.org\/wp-content\/uploads\/2025\/11\/annonce-lors-du-symposium.jpg 1600w\" sizes=\"(max-width: 1024px) 100vw, 1024px\" \/><\/figure>\n<\/div>\n\n\n\n<div class=\"wp-block-column is-vertically-aligned-bottom is-layout-flow wp-block-column-is-layout-flow\">\n<p class=\"wp-block-paragraph\"><br\/><br\/>On the occasion of the Symposium sur la gestion de l&#8217;eau, organized by R\u00e9seau Environnement on October 23, 2025, <strong>Dominique Monchamp<\/strong>, Executive Vice-President of the Fondation Gasp\u00e9 Beaubien and <strong>Mathieu Laneuville<\/strong>, President and CEO of R\u00e9seau Environnement, joined forces in a short video to officially announce the return of the <strong>Prix de la rel\u00e8ve EAU Andr\u00e9-Perrault<\/strong> for the 2026 edition, with the presence of<strong>Isabelle C\u00f4t\u00e9<\/strong>, Executive Director of C.I.EAU.<\/p>\n\n\n\n<div class=\"wp-block-buttons is-content-justification-center is-layout-flex wp-container-core-buttons-is-layout-3e41869c wp-block-buttons-is-layout-flex\">\n<div class=\"wp-block-button\"><a class=\"wp-block-button__link has-background has-small-font-size has-custom-font-size wp-element-button\" href=\"https:\/\/www.facebook.com\/share\/r\/1ASsMEp4Qr\/\" style=\"background-color:#2bb1c5\"><strong>VIEW<\/strong><\/a><\/div>\n<\/div>\n<\/div>\n<\/div>\n\n<h2 class=\"wp-block-heading\" id=\"ParticiperMaintenant\"><br\/><strong>How to take part :<\/strong><\/h2>\n\n<p class=\"wp-block-paragraph\">Young people aged between <strong>18 and 35<\/strong> are invited to submit their application via the<strong> registration form on the C.I.EAU website, from November 10, 2025 to February 1, 2026<\/strong>, presenting a project, initiative or achievement contributing to the protection and sustainable management of water.<\/p>\n\n<p class=\"wp-block-paragraph\">Participants must demonstrate a <strong>keen interest in the water sector<\/strong>, whether in terms of business, research, technological development or scientific popularization.<br\/><\/p>\n\n<div class=\"wp-block-buttons is-content-justification-center is-layout-flex wp-container-core-buttons-is-layout-3e41869c wp-block-buttons-is-layout-flex\">\n<div class=\"wp-block-button\"><a class=\"wp-block-button__link has-background has-small-font-size has-custom-font-size wp-element-button\" href=\"https:\/\/forms.gle\/byjTYFqhjZDSEXWD9\" style=\"background-color:#2bb1c5\"><strong>PARTICIPATE<\/strong><\/a><\/div>\n<\/div>\n\n<div class=\"wp-block-columns is-layout-flex wp-container-core-columns-is-layout-7387b849 wp-block-columns-is-layout-flex\">\n<div class=\"wp-block-column is-layout-flow wp-block-column-is-layout-flow\" style=\"flex-basis:66.66%\">\n<h2 class=\"wp-block-heading has-text-align-left\"><br\/><strong>About Andr\u00e9 Perrault, founder of C.I.EAU<\/strong><\/h2>\n\n\n\n<p class=\"has-text-align-left wp-block-paragraph\">Andr\u00e9 Perrault has extensive experience in the environmental field: water distribution and wastewater treatment. During his 32-year career with the City of Laval, he played an active role in drawing up the drinking water supply master plan, setting up the water purification program and participating, along with the Urban Planning Department, in the planning of Laval&#8217;s territory. His contribution to the Quebec community also includes participation in the management of several provincial organizations and on various environmental protection committees.  <\/p>\n\n\n\n<p class=\"has-text-align-left wp-block-paragraph\">Contributing to water enhancement and conservation is at the very heart of the growing community he founded, which inspires the next generation of water enthusiasts.<\/p>\n<\/div>\n\n\n\n<div class=\"wp-block-column is-vertically-aligned-center is-layout-flow wp-block-column-is-layout-flow\" style=\"flex-basis:33.33%\">\n<figure class=\"wp-block-image size-full is-resized\"><img loading=\"lazy\" decoding=\"async\" width=\"720\" height=\"960\" src=\"https:\/\/www.cieau.org\/wp-content\/uploads\/2025\/11\/andre-perrault.jpg\" alt=\"\" class=\"wp-image-21245\" style=\"width:216px;height:auto\" srcset=\"https:\/\/www.cieau.org\/wp-content\/uploads\/2025\/11\/andre-perrault.jpg 720w, https:\/\/www.cieau.org\/wp-content\/uploads\/2025\/11\/andre-perrault-225x300.jpg 225w\" sizes=\"(max-width: 720px) 100vw, 720px\" \/><\/figure>\n<\/div>\n<\/div>\n\n<p class=\"wp-block-paragraph\"><\/p>\n\n<p class=\"wp-block-paragraph\"><br\/>Partners of the 2026 edition: Gasp\u00e9 Beaubien Foundation, R\u00e9seau Environnement, Maya Communication Marketing<br\/>Media partner: CentrEau (Quebec Research Center on Water Management)<\/p>\n\n<figure class=\"wp-block-image size-large\"><img loading=\"lazy\" decoding=\"async\" width=\"1024\" height=\"379\" src=\"https:\/\/www.cieau.org\/wp-content\/uploads\/2025\/11\/prix-de-la-Releve-EAU-candidature-prolongee-1024x379.png\" alt=\"\" class=\"wp-image-21661\" srcset=\"https:\/\/www.cieau.org\/wp-content\/uploads\/2025\/11\/prix-de-la-Releve-EAU-candidature-prolongee-1024x379.png 1024w, https:\/\/www.cieau.org\/wp-content\/uploads\/2025\/11\/prix-de-la-Releve-EAU-candidature-prolongee-300x111.png 300w, https:\/\/www.cieau.org\/wp-content\/uploads\/2025\/11\/prix-de-la-Releve-EAU-candidature-prolongee-768x284.png 768w, https:\/\/www.cieau.org\/wp-content\/uploads\/2025\/11\/prix-de-la-Releve-EAU-candidature-prolongee-1536x569.png 1536w, https:\/\/www.cieau.org\/wp-content\/uploads\/2025\/11\/prix-de-la-Releve-EAU-candidature-prolongee.png 1702w\" sizes=\"(max-width: 1024px) 100vw, 1024px\" \/><\/figure>\n\n<figure class=\"wp-block-image size-full\"><img decoding=\"async\" src=\"https:\/\/www.cieau.org\/wp-content\/uploads\/2025\/11\/prix-releve-eau-2026-V3.png\" alt=\"\" class=\"wp-image-21255\"\/><\/figure>\n","protected":false},"excerpt":{"rendered":"<p>The Prix de la rel\u00e8ve offers the winner a unique opportunity to develop his or her professional network, showcase innovative ideas and enjoy privileged visibility with experts and influential organizations in the water sector.<\/p>\n","protected":false},"author":23,"featured_media":21256,"comment_status":"open","ping_status":"open","sticky":false,"template":"","format":"standard","meta":{"_acf_changed":false,"page_builder":"","footnotes":""},"categories":[95],"tags":[],"class_list":["post-21618","post","type-post","status-publish","format-standard","has-post-thumbnail","hentry","category-events"],"acf":[],"yoast_head":"<!-- This site is optimized with the Yoast SEO plugin v28.3 - https:\/\/yoast.com\/product\/yoast-seo-wordpress\/ -->\n<title>The Prix de la Rel\u00e8ve EAU Andr\u00e9 Perrault : 2026 Edition - C.I.Eau<\/title>\n<meta name=\"robots\" content=\"index, follow, max-snippet:-1, max-image-preview:large, max-video-preview:-1\" \/>\n<link rel=\"canonical\" href=\"https:\/\/www.cieau.org\/en\/articles\/the-andre-perrault-eau-prix-de-la-releve-2026-edition\/\" \/>\n<meta property=\"og:locale\" content=\"en_US\" \/>\n<meta property=\"og:type\" content=\"article\" \/>\n<meta property=\"og:title\" content=\"The Prix de la Rel\u00e8ve EAU Andr\u00e9 Perrault : 2026 Edition - C.I.Eau\" \/>\n<meta property=\"og:description\" content=\"The Prix de la rel\u00e8ve offers the winner a unique opportunity to develop his or her professional network, showcase innovative ideas and enjoy privileged visibility with experts and influential organizations in the water sector.\" \/>\n<meta property=\"og:url\" content=\"https:\/\/www.cieau.org\/en\/articles\/the-andre-perrault-eau-prix-de-la-releve-2026-edition\/\" \/>\n<meta property=\"og:site_name\" content=\"C.I.Eau\" \/>\n<meta property=\"article:publisher\" content=\"https:\/\/www.facebook.com\/C.I.EAU\" \/>\n<meta property=\"article:published_time\" content=\"2025-11-09T21:19:23+00:00\" \/>\n<meta property=\"article:modified_time\" content=\"2026-02-24T17:03:32+00:00\" \/>\n<meta property=\"og:image\" content=\"https:\/\/www.cieau.org\/wp-content\/uploads\/2025\/11\/prix-releve-eau-2026-V3.png\" \/>\n\t<meta property=\"og:image:width\" content=\"1\" \/>\n\t<meta property=\"og:image:height\" content=\"1\" \/>\n\t<meta property=\"og:image:type\" content=\"image\/png\" \/>\n<meta name=\"author\" content=\"Lina Aarab\" \/>\n<meta name=\"twitter:card\" content=\"summary_large_image\" \/>\n<meta name=\"twitter:label1\" content=\"Written by\" \/>\n\t<meta name=\"twitter:data1\" content=\"Lina Aarab\" \/>\n\t<meta name=\"twitter:label2\" content=\"Est. reading time\" \/>\n\t<meta name=\"twitter:data2\" content=\"4 minutes\" \/>\n<script type=\"application\/ld+json\" class=\"yoast-schema-graph\">{\"@context\":\"https:\\\/\\\/schema.org\",\"@graph\":[{\"@type\":\"Article\",\"@id\":\"https:\\\/\\\/www.cieau.org\\\/en\\\/articles\\\/the-andre-perrault-eau-prix-de-la-releve-2026-edition\\\/#article\",\"isPartOf\":{\"@id\":\"https:\\\/\\\/www.cieau.org\\\/en\\\/articles\\\/the-andre-perrault-eau-prix-de-la-releve-2026-edition\\\/\"},\"author\":{\"name\":\"Lina Aarab\",\"@id\":\"https:\\\/\\\/www.cieau.org\\\/en\\\/#\\\/schema\\\/person\\\/6c32706711c0098507bf4f7be421dd72\"},\"headline\":\"The Prix de la Rel\u00e8ve EAU Andr\u00e9 Perrault : 2026 Edition\",\"datePublished\":\"2025-11-09T21:19:23+00:00\",\"dateModified\":\"2026-02-24T17:03:32+00:00\",\"mainEntityOfPage\":{\"@id\":\"https:\\\/\\\/www.cieau.org\\\/en\\\/articles\\\/the-andre-perrault-eau-prix-de-la-releve-2026-edition\\\/\"},\"wordCount\":772,\"commentCount\":0,\"publisher\":{\"@id\":\"https:\\\/\\\/www.cieau.org\\\/en\\\/#organization\"},\"image\":{\"@id\":\"https:\\\/\\\/www.cieau.org\\\/en\\\/articles\\\/the-andre-perrault-eau-prix-de-la-releve-2026-edition\\\/#primaryimage\"},\"thumbnailUrl\":\"https:\\\/\\\/www.cieau.org\\\/wp-content\\\/uploads\\\/2025\\\/11\\\/prix-releve-eau-2026-V3.png\",\"articleSection\":[\"Events\"],\"inLanguage\":\"en-US\",\"potentialAction\":[{\"@type\":\"CommentAction\",\"name\":\"Comment\",\"target\":[\"https:\\\/\\\/www.cieau.org\\\/en\\\/articles\\\/the-andre-perrault-eau-prix-de-la-releve-2026-edition\\\/#respond\"]}]},{\"@type\":\"WebPage\",\"@id\":\"https:\\\/\\\/www.cieau.org\\\/en\\\/articles\\\/the-andre-perrault-eau-prix-de-la-releve-2026-edition\\\/\",\"url\":\"https:\\\/\\\/www.cieau.org\\\/en\\\/articles\\\/the-andre-perrault-eau-prix-de-la-releve-2026-edition\\\/\",\"name\":\"The Prix de la Rel\u00e8ve EAU Andr\u00e9 Perrault : 2026 Edition - C.I.Eau\",\"isPartOf\":{\"@id\":\"https:\\\/\\\/www.cieau.org\\\/en\\\/#website\"},\"primaryImageOfPage\":{\"@id\":\"https:\\\/\\\/www.cieau.org\\\/en\\\/articles\\\/the-andre-perrault-eau-prix-de-la-releve-2026-edition\\\/#primaryimage\"},\"image\":{\"@id\":\"https:\\\/\\\/www.cieau.org\\\/en\\\/articles\\\/the-andre-perrault-eau-prix-de-la-releve-2026-edition\\\/#primaryimage\"},\"thumbnailUrl\":\"https:\\\/\\\/www.cieau.org\\\/wp-content\\\/uploads\\\/2025\\\/11\\\/prix-releve-eau-2026-V3.png\",\"datePublished\":\"2025-11-09T21:19:23+00:00\",\"dateModified\":\"2026-02-24T17:03:32+00:00\",\"breadcrumb\":{\"@id\":\"https:\\\/\\\/www.cieau.org\\\/en\\\/articles\\\/the-andre-perrault-eau-prix-de-la-releve-2026-edition\\\/#breadcrumb\"},\"inLanguage\":\"en-US\",\"potentialAction\":[{\"@type\":\"ReadAction\",\"target\":[\"https:\\\/\\\/www.cieau.org\\\/en\\\/articles\\\/the-andre-perrault-eau-prix-de-la-releve-2026-edition\\\/\"]}]},{\"@type\":\"ImageObject\",\"inLanguage\":\"en-US\",\"@id\":\"https:\\\/\\\/www.cieau.org\\\/en\\\/articles\\\/the-andre-perrault-eau-prix-de-la-releve-2026-edition\\\/#primaryimage\",\"url\":\"https:\\\/\\\/www.cieau.org\\\/wp-content\\\/uploads\\\/2025\\\/11\\\/prix-releve-eau-2026-V3.png\",\"contentUrl\":\"https:\\\/\\\/www.cieau.org\\\/wp-content\\\/uploads\\\/2025\\\/11\\\/prix-releve-eau-2026-V3.png\"},{\"@type\":\"BreadcrumbList\",\"@id\":\"https:\\\/\\\/www.cieau.org\\\/en\\\/articles\\\/the-andre-perrault-eau-prix-de-la-releve-2026-edition\\\/#breadcrumb\",\"itemListElement\":[{\"@type\":\"ListItem\",\"position\":1,\"name\":\"Accueil\",\"item\":\"https:\\\/\\\/www.cieau.org\\\/en\\\/home\\\/\"},{\"@type\":\"ListItem\",\"position\":2,\"name\":\"The Prix de la Rel\u00e8ve EAU Andr\u00e9 Perrault : 2026 Edition\"}]},{\"@type\":\"WebSite\",\"@id\":\"https:\\\/\\\/www.cieau.org\\\/en\\\/#website\",\"url\":\"https:\\\/\\\/www.cieau.org\\\/en\\\/\",\"name\":\"C.I.Eau\",\"description\":\"\",\"publisher\":{\"@id\":\"https:\\\/\\\/www.cieau.org\\\/en\\\/#organization\"},\"potentialAction\":[{\"@type\":\"SearchAction\",\"target\":{\"@type\":\"EntryPoint\",\"urlTemplate\":\"https:\\\/\\\/www.cieau.org\\\/en\\\/?s={search_term_string}\"},\"query-input\":{\"@type\":\"PropertyValueSpecification\",\"valueRequired\":true,\"valueName\":\"search_term_string\"}}],\"inLanguage\":\"en-US\"},{\"@type\":\"Organization\",\"@id\":\"https:\\\/\\\/www.cieau.org\\\/en\\\/#organization\",\"name\":\"C.I.Eau\",\"url\":\"https:\\\/\\\/www.cieau.org\\\/en\\\/\",\"logo\":{\"@type\":\"ImageObject\",\"inLanguage\":\"en-US\",\"@id\":\"https:\\\/\\\/www.cieau.org\\\/en\\\/#\\\/schema\\\/logo\\\/image\\\/\",\"url\":\"https:\\\/\\\/www.cieau.org\\\/wp-content\\\/uploads\\\/2021\\\/10\\\/Logo_CIeau.png\",\"contentUrl\":\"https:\\\/\\\/www.cieau.org\\\/wp-content\\\/uploads\\\/2021\\\/10\\\/Logo_CIeau.png\",\"width\":500,\"height\":308,\"caption\":\"C.I.Eau\"},\"image\":{\"@id\":\"https:\\\/\\\/www.cieau.org\\\/en\\\/#\\\/schema\\\/logo\\\/image\\\/\"},\"sameAs\":[\"https:\\\/\\\/www.facebook.com\\\/C.I.EAU\"]},{\"@type\":\"Person\",\"@id\":\"https:\\\/\\\/www.cieau.org\\\/en\\\/#\\\/schema\\\/person\\\/6c32706711c0098507bf4f7be421dd72\",\"name\":\"Lina Aarab\",\"image\":{\"@type\":\"ImageObject\",\"inLanguage\":\"en-US\",\"@id\":\"https:\\\/\\\/secure.gravatar.com\\\/avatar\\\/57e97e7a11266cba7bac21f69e6b750792765c33d9025398f1b995d1b6b3c3cc?s=96&d=mm&r=g\",\"url\":\"https:\\\/\\\/secure.gravatar.com\\\/avatar\\\/57e97e7a11266cba7bac21f69e6b750792765c33d9025398f1b995d1b6b3c3cc?s=96&d=mm&r=g\",\"contentUrl\":\"https:\\\/\\\/secure.gravatar.com\\\/avatar\\\/57e97e7a11266cba7bac21f69e6b750792765c33d9025398f1b995d1b6b3c3cc?s=96&d=mm&r=g\",\"caption\":\"Lina Aarab\"},\"url\":\"https:\\\/\\\/www.cieau.org\\\/en\\\/articles\\\/author\\\/lina-aarab\\\/\"}]}<\/script>\n<!-- \/ Yoast SEO plugin. -->","yoast_head_json":{"title":"The Prix de la Rel\u00e8ve EAU Andr\u00e9 Perrault : 2026 Edition - C.I.Eau","robots":{"index":"index","follow":"follow","max-snippet":"max-snippet:-1","max-image-preview":"max-image-preview:large","max-video-preview":"max-video-preview:-1"},"canonical":"https:\/\/www.cieau.org\/en\/articles\/the-andre-perrault-eau-prix-de-la-releve-2026-edition\/","og_locale":"en_US","og_type":"article","og_title":"The Prix de la Rel\u00e8ve EAU Andr\u00e9 Perrault : 2026 Edition - C.I.Eau","og_description":"The Prix de la rel\u00e8ve offers the winner a unique opportunity to develop his or her professional network, showcase innovative ideas and enjoy privileged visibility with experts and influential organizations in the water sector.","og_url":"https:\/\/www.cieau.org\/en\/articles\/the-andre-perrault-eau-prix-de-la-releve-2026-edition\/","og_site_name":"C.I.Eau","article_publisher":"https:\/\/www.facebook.com\/C.I.EAU","article_published_time":"2025-11-09T21:19:23+00:00","article_modified_time":"2026-02-24T17:03:32+00:00","og_image":[{"url":"https:\/\/www.cieau.org\/wp-content\/uploads\/2025\/11\/prix-releve-eau-2026-V3.png","width":1,"height":1,"type":"image\/png"}],"author":"Lina Aarab","twitter_card":"summary_large_image","twitter_misc":{"Written by":"Lina Aarab","Est. reading time":"4 minutes"},"schema":{"@context":"https:\/\/schema.org","@graph":[{"@type":"Article","@id":"https:\/\/www.cieau.org\/en\/articles\/the-andre-perrault-eau-prix-de-la-releve-2026-edition\/#article","isPartOf":{"@id":"https:\/\/www.cieau.org\/en\/articles\/the-andre-perrault-eau-prix-de-la-releve-2026-edition\/"},"author":{"name":"Lina Aarab","@id":"https:\/\/www.cieau.org\/en\/#\/schema\/person\/6c32706711c0098507bf4f7be421dd72"},"headline":"The Prix de la Rel\u00e8ve EAU Andr\u00e9 Perrault : 2026 Edition","datePublished":"2025-11-09T21:19:23+00:00","dateModified":"2026-02-24T17:03:32+00:00","mainEntityOfPage":{"@id":"https:\/\/www.cieau.org\/en\/articles\/the-andre-perrault-eau-prix-de-la-releve-2026-edition\/"},"wordCount":772,"commentCount":0,"publisher":{"@id":"https:\/\/www.cieau.org\/en\/#organization"},"image":{"@id":"https:\/\/www.cieau.org\/en\/articles\/the-andre-perrault-eau-prix-de-la-releve-2026-edition\/#primaryimage"},"thumbnailUrl":"https:\/\/www.cieau.org\/wp-content\/uploads\/2025\/11\/prix-releve-eau-2026-V3.png","articleSection":["Events"],"inLanguage":"en-US","potentialAction":[{"@type":"CommentAction","name":"Comment","target":["https:\/\/www.cieau.org\/en\/articles\/the-andre-perrault-eau-prix-de-la-releve-2026-edition\/#respond"]}]},{"@type":"WebPage","@id":"https:\/\/www.cieau.org\/en\/articles\/the-andre-perrault-eau-prix-de-la-releve-2026-edition\/","url":"https:\/\/www.cieau.org\/en\/articles\/the-andre-perrault-eau-prix-de-la-releve-2026-edition\/","name":"The Prix de la Rel\u00e8ve EAU Andr\u00e9 Perrault : 2026 Edition - C.I.Eau","isPartOf":{"@id":"https:\/\/www.cieau.org\/en\/#website"},"primaryImageOfPage":{"@id":"https:\/\/www.cieau.org\/en\/articles\/the-andre-perrault-eau-prix-de-la-releve-2026-edition\/#primaryimage"},"image":{"@id":"https:\/\/www.cieau.org\/en\/articles\/the-andre-perrault-eau-prix-de-la-releve-2026-edition\/#primaryimage"},"thumbnailUrl":"https:\/\/www.cieau.org\/wp-content\/uploads\/2025\/11\/prix-releve-eau-2026-V3.png","datePublished":"2025-11-09T21:19:23+00:00","dateModified":"2026-02-24T17:03:32+00:00","breadcrumb":{"@id":"https:\/\/www.cieau.org\/en\/articles\/the-andre-perrault-eau-prix-de-la-releve-2026-edition\/#breadcrumb"},"inLanguage":"en-US","potentialAction":[{"@type":"ReadAction","target":["https:\/\/www.cieau.org\/en\/articles\/the-andre-perrault-eau-prix-de-la-releve-2026-edition\/"]}]},{"@type":"ImageObject","inLanguage":"en-US","@id":"https:\/\/www.cieau.org\/en\/articles\/the-andre-perrault-eau-prix-de-la-releve-2026-edition\/#primaryimage","url":"https:\/\/www.cieau.org\/wp-content\/uploads\/2025\/11\/prix-releve-eau-2026-V3.png","contentUrl":"https:\/\/www.cieau.org\/wp-content\/uploads\/2025\/11\/prix-releve-eau-2026-V3.png"},{"@type":"BreadcrumbList","@id":"https:\/\/www.cieau.org\/en\/articles\/the-andre-perrault-eau-prix-de-la-releve-2026-edition\/#breadcrumb","itemListElement":[{"@type":"ListItem","position":1,"name":"Accueil","item":"https:\/\/www.cieau.org\/en\/home\/"},{"@type":"ListItem","position":2,"name":"The Prix de la Rel\u00e8ve EAU Andr\u00e9 Perrault : 2026 Edition"}]},{"@type":"WebSite","@id":"https:\/\/www.cieau.org\/en\/#website","url":"https:\/\/www.cieau.org\/en\/","name":"C.I.Eau","description":"","publisher":{"@id":"https:\/\/www.cieau.org\/en\/#organization"},"potentialAction":[{"@type":"SearchAction","target":{"@type":"EntryPoint","urlTemplate":"https:\/\/www.cieau.org\/en\/?s={search_term_string}"},"query-input":{"@type":"PropertyValueSpecification","valueRequired":true,"valueName":"search_term_string"}}],"inLanguage":"en-US"},{"@type":"Organization","@id":"https:\/\/www.cieau.org\/en\/#organization","name":"C.I.Eau","url":"https:\/\/www.cieau.org\/en\/","logo":{"@type":"ImageObject","inLanguage":"en-US","@id":"https:\/\/www.cieau.org\/en\/#\/schema\/logo\/image\/","url":"https:\/\/www.cieau.org\/wp-content\/uploads\/2021\/10\/Logo_CIeau.png","contentUrl":"https:\/\/www.cieau.org\/wp-content\/uploads\/2021\/10\/Logo_CIeau.png","width":500,"height":308,"caption":"C.I.Eau"},"image":{"@id":"https:\/\/www.cieau.org\/en\/#\/schema\/logo\/image\/"},"sameAs":["https:\/\/www.facebook.com\/C.I.EAU"]},{"@type":"Person","@id":"https:\/\/www.cieau.org\/en\/#\/schema\/person\/6c32706711c0098507bf4f7be421dd72","name":"Lina Aarab","image":{"@type":"ImageObject","inLanguage":"en-US","@id":"https:\/\/secure.gravatar.com\/avatar\/57e97e7a11266cba7bac21f69e6b750792765c33d9025398f1b995d1b6b3c3cc?s=96&d=mm&r=g","url":"https:\/\/secure.gravatar.com\/avatar\/57e97e7a11266cba7bac21f69e6b750792765c33d9025398f1b995d1b6b3c3cc?s=96&d=mm&r=g","contentUrl":"https:\/\/secure.gravatar.com\/avatar\/57e97e7a11266cba7bac21f69e6b750792765c33d9025398f1b995d1b6b3c3cc?s=96&d=mm&r=g","caption":"Lina Aarab"},"url":"https:\/\/www.cieau.org\/en\/articles\/author\/lina-aarab\/"}]}},"_links":{"self":[{"href":"https:\/\/www.cieau.org\/en\/wp-json\/wp\/v2\/posts\/21618","targetHints":{"allow":["GET"]}}],"collection":[{"href":"https:\/\/www.cieau.org\/en\/wp-json\/wp\/v2\/posts"}],"about":[{"href":"https:\/\/www.cieau.org\/en\/wp-json\/wp\/v2\/types\/post"}],"author":[{"embeddable":true,"href":"https:\/\/www.cieau.org\/en\/wp-json\/wp\/v2\/users\/23"}],"replies":[{"embeddable":true,"href":"https:\/\/www.cieau.org\/en\/wp-json\/wp\/v2\/comments?post=21618"}],"version-history":[{"count":6,"href":"https:\/\/www.cieau.org\/en\/wp-json\/wp\/v2\/posts\/21618\/revisions"}],"predecessor-version":[{"id":21701,"href":"https:\/\/www.cieau.org\/en\/wp-json\/wp\/v2\/posts\/21618\/revisions\/21701"}],"wp:featuredmedia":[{"embeddable":true,"href":"https:\/\/www.cieau.org\/en\/wp-json\/wp\/v2\/media\/21256"}],"wp:attachment":[{"href":"https:\/\/www.cieau.org\/en\/wp-json\/wp\/v2\/media?parent=21618"}],"wp:term":[{"taxonomy":"category","embeddable":true,"href":"https:\/\/www.cieau.org\/en\/wp-json\/wp\/v2\/categories?post=21618"},{"taxonomy":"post_tag","embeddable":true,"href":"https:\/\/www.cieau.org\/en\/wp-json\/wp\/v2\/tags?post=21618"}],"curies":[{"name":"wp","href":"https:\/\/api.w.org\/{rel}","templated":true}]}}