{"id":7478,"date":"2021-01-12T11:08:08","date_gmt":"2021-01-12T16:08:08","guid":{"rendered":"https:\/\/cieau.org\/articles\/rencontrez-anne-carabin-gagnante-de-ledition-2020-du-prix-de-la-releve-eau-andre-perrault\/"},"modified":"2021-01-12T11:08:08","modified_gmt":"2021-01-12T16:08:08","slug":"rencontrez-anne-carabin-gagnante-de-ledition-2020-du-prix-de-la-releve-eau-andre-perrault","status":"publish","type":"post","link":"https:\/\/www.cieau.org\/en\/articles\/rencontrez-anne-carabin-gagnante-de-ledition-2020-du-prix-de-la-releve-eau-andre-perrault\/","title":{"rendered":"Rencontrez Anne Carabin, gagnante de l\u2019\u00e9dition 2020 du Prix de la Rel\u00e8ve EAU Andr\u00e9-Perrault"},"content":{"rendered":"<p>Anne Carabin a su se d\u00e9marquer par ses nombreuses r\u00e9alisations dans le domaine de l\u2019eau. Cette jeune professionnelle au doctorat en g\u00e9nie civil croit fermement en l\u2019implication d\u2019une rel\u00e8ve consciente et sensibilis\u00e9e \u00e0 la gestion et au traitement de l\u2019eau. La jeune scientifique partage une passion pour le domaine de l\u2019eau et de la sant\u00e9 qui la motivent \u00e0 s\u2019impliquer. Le C.I.EAU, en collaboration avec la Fondation de Gasp\u00e9-Beaubien, est fier de souligner son succ\u00e8s en mettant de l\u2019avant ses nombreux accomplissements pour la p\u00e9rennit\u00e9 de la ressource eau au Qu\u00e9bec.<\/p>\n<h2><strong>Un parcours impressionnant<\/strong><\/h2>\n<p>En 2019, Anne, accompagn\u00e9e de ses deux anciennes coll\u00e8gues de l\u2019Institut national de la recherche scientifique, d\u00e9veloppe la start-up Clean Nature dans le cadre du D\u00e9fi AquaHacking. Leur \u00e9quipe pr\u00e9sente alors un outil innovant pour d\u00e9glacer les routes de fa\u00e7on \u00e9coresponsable. La technologie utilis\u00e9e fonctionne \u00e0 l\u2019aide de l\u2019intelligence artificielle et permet de pr\u00e9dire les doses exactes ainsi que le type de fondant \u00e0 appliquer en fonction des conditions m\u00e9t\u00e9orologiques. Les quantit\u00e9s de sel pour le d\u00e9gla\u00e7age sont ainsi limit\u00e9es, ce qui am\u00e9liore la protection contre la salinit\u00e9 des \u00e9cosyst\u00e8mes aquatiques et des prises d\u2019eau potable.<\/p>\n<p>Rapidement la petite entreprise se d\u00e9marque en remportant le \u00abGeneration Water Tech Challenge\u00bb de la World Wildlife Fund ainsi qu\u2019une place au sein du \u00abCentre for Social Innovation (CSI) Climate Ventures Earth Tech Program\u00bb \u00e0 Toronto.<\/p>\n<p>De plus, Clean Nature prend part pendant trois ans au programme de Esri (\u00abEsri Startup Program\u00bb) en Californie afin de d\u00e9nicher de meilleurs outils d\u2019intelligence artificielle dans le but de renforcer la technologie d\u00e9j\u00e0 d\u00e9velopp\u00e9e.<\/p>\n<h2><strong>La collaboration\u00a0: la cl\u00e9 du succ\u00e8s<\/strong><\/h2>\n<p>La jeune professionnelle participe \u00e0 une campagne d\u2019\u00e9chantillonnage au Nunavik en 2019 dans le cadre de son doctorat et encha\u00eene les bons coups en travaillant avec le groupe scientifique sur l\u2019eau de l&#8217;INSPQ et la Chaire de recherche en eau potable de l\u2019Universit\u00e9 Laval dans le cadre de son stage. La finalit\u00e9 de ces projets serait de d\u00e9terminer les valeurs guides sanitaires court-terme pour les sous-produits de la d\u00e9sinfection lors des possibles d\u00e9passements des normes.<\/p>\n<p>Ce travail lui a \u00e9galement permis de collaborer avec le Centre de recherche industrielle du Qu\u00e9bec, le Centre d&#8217;Expertise en Analyse Environnementale du Qu\u00e9bec et l\u2019Universit\u00e9 de Montr\u00e9al pour le d\u00e9veloppement d\u2019une approche de traitement \u00e0 la source des compos\u00e9s pharmaceutiques dans les eaux us\u00e9es.<\/p>\n<h2><strong>Le partage du savoir pour l\u2019avenir de l\u2019or bleu<\/strong><\/h2>\n<p>Anne a \u00e9galement excerc\u00e9 le poste de coordonatrice du programme FONCER TEDGIEER (Technologies environnementales de d\u00e9contamination et gestion int\u00e9gr\u00e9e des eaux et effluents r\u00e9siduaires) qui lui a donn\u00e9 l\u2019opportunit\u00e9 de contribuer \u00e0 la formation d\u2019\u00e9tudiants en gestion et traitement de l\u2019eau en plus de promouvoir l\u2019int\u00e9r\u00eat de la recherche collaborative universit\u00e9s-industries au Qu\u00e9bec<\/p>\n<p>Enfin, sa position au sein du regroupement des \u00e9cotoxicologues du Qu\u00e9bec lui permet de coordonner collaborativement pour le financement et la formation officielle du regroupement strat\u00e9gique.<\/p>\n<h2><strong>Un succ\u00e8s m\u00e9rit\u00e9\u00a0pour des efforts sans \u00e9gal<\/strong><\/h2>\n<p>Anne Carabin m\u00e9rite le fruit de son dur labeur. L\u2019\u00e9rudite garde ses ambitions et compte poursuivre le partage de sa passion du domaine de l\u2019eau. Restez connect\u00e9s pour \u00eatre t\u00e9moins de ses prochaines actions !<\/p>\n<p><img fetchpriority=\"high\" decoding=\"async\" class=\"alignnone wp-image-6300 size-large\" src=\"https:\/\/www.cieau.org\/wp-content\/uploads\/2021\/12\/2020.12.18_Gagnante-Anne-Carabin-prix-releve-EAU-Andre-Perrault-edition-2020-1024x768.jpg\" alt=\"\" width=\"800\" height=\"600\" srcset=\"https:\/\/www.cieau.org\/wp-content\/uploads\/2021\/12\/2020.12.18_Gagnante-Anne-Carabin-prix-releve-EAU-Andre-Perrault-edition-2020-1024x768.jpg 1024w, https:\/\/www.cieau.org\/wp-content\/uploads\/2021\/12\/2020.12.18_Gagnante-Anne-Carabin-prix-releve-EAU-Andre-Perrault-edition-2020-300x225.jpg 300w, https:\/\/www.cieau.org\/wp-content\/uploads\/2021\/12\/2020.12.18_Gagnante-Anne-Carabin-prix-releve-EAU-Andre-Perrault-edition-2020-768x576.jpg 768w, https:\/\/www.cieau.org\/wp-content\/uploads\/2021\/12\/2020.12.18_Gagnante-Anne-Carabin-prix-releve-EAU-Andre-Perrault-edition-2020.jpg 1333w\" sizes=\"(max-width: 800px) 100vw, 800px\" \/><\/p>\n","protected":false},"excerpt":{"rendered":"<p>Anne Carabin a su se d\u00e9marquer par ses nombreuses r\u00e9alisations dans le domaine de l\u2019eau. Cette jeune professionnelle au doctorat en g\u00e9nie civil croit fermement en l\u2019implication de la rel\u00e8ve.<\/p>\n","protected":false},"author":13,"featured_media":6300,"comment_status":"closed","ping_status":"closed","sticky":false,"template":"","format":"standard","meta":{"_acf_changed":false,"page_builder":"","footnotes":""},"categories":[71],"tags":[],"class_list":["post-7478","post","type-post","status-publish","format-standard","has-post-thumbnail","hentry","category-contest"],"acf":[],"yoast_head":"<!-- This site is optimized with the Yoast SEO plugin v28.3 - https:\/\/yoast.com\/product\/yoast-seo-wordpress\/ -->\n<title>Rencontrez Anne Carabin, gagnante de l\u2019\u00e9dition 2020 du Prix de la Rel\u00e8ve EAU Andr\u00e9-Perrault - C.I.Eau<\/title>\n<meta name=\"robots\" content=\"index, follow, max-snippet:-1, max-image-preview:large, max-video-preview:-1\" \/>\n<link rel=\"canonical\" href=\"https:\/\/www.cieau.org\/en\/articles\/rencontrez-anne-carabin-gagnante-de-ledition-2020-du-prix-de-la-releve-eau-andre-perrault\/\" \/>\n<meta property=\"og:locale\" content=\"en_US\" \/>\n<meta property=\"og:type\" content=\"article\" \/>\n<meta property=\"og:title\" content=\"Rencontrez Anne Carabin, gagnante de l\u2019\u00e9dition 2020 du Prix de la Rel\u00e8ve EAU Andr\u00e9-Perrault - C.I.Eau\" \/>\n<meta property=\"og:description\" content=\"Anne Carabin a su se d\u00e9marquer par ses nombreuses r\u00e9alisations dans le domaine de l\u2019eau. Cette jeune professionnelle au doctorat en g\u00e9nie civil croit fermement en l\u2019implication de la rel\u00e8ve.\" \/>\n<meta property=\"og:url\" content=\"https:\/\/www.cieau.org\/en\/articles\/rencontrez-anne-carabin-gagnante-de-ledition-2020-du-prix-de-la-releve-eau-andre-perrault\/\" \/>\n<meta property=\"og:site_name\" content=\"C.I.Eau\" \/>\n<meta property=\"article:publisher\" content=\"https:\/\/www.facebook.com\/C.I.EAU\" \/>\n<meta property=\"article:published_time\" content=\"2021-01-12T16:08:08+00:00\" \/>\n<meta property=\"og:image\" content=\"https:\/\/www.cieau.org\/wp-content\/uploads\/2021\/12\/2020.12.18_Gagnante-Anne-Carabin-prix-releve-EAU-Andre-Perrault-edition-2020.jpg\" \/>\n\t<meta property=\"og:image:width\" content=\"1333\" \/>\n\t<meta property=\"og:image:height\" content=\"1000\" \/>\n\t<meta property=\"og:image:type\" content=\"image\/jpeg\" \/>\n<meta name=\"author\" content=\"cieau\" \/>\n<meta name=\"twitter:card\" content=\"summary_large_image\" \/>\n<meta name=\"twitter:label1\" content=\"Written by\" \/>\n\t<meta name=\"twitter:data1\" content=\"cieau\" \/>\n\t<meta name=\"twitter:label2\" content=\"Est. reading time\" \/>\n\t<meta name=\"twitter:data2\" content=\"3 minutes\" \/>\n<script type=\"application\/ld+json\" class=\"yoast-schema-graph\">{\"@context\":\"https:\\\/\\\/schema.org\",\"@graph\":[{\"@type\":\"Article\",\"@id\":\"https:\\\/\\\/www.cieau.org\\\/en\\\/articles\\\/rencontrez-anne-carabin-gagnante-de-ledition-2020-du-prix-de-la-releve-eau-andre-perrault\\\/#article\",\"isPartOf\":{\"@id\":\"https:\\\/\\\/www.cieau.org\\\/en\\\/articles\\\/rencontrez-anne-carabin-gagnante-de-ledition-2020-du-prix-de-la-releve-eau-andre-perrault\\\/\"},\"author\":{\"name\":\"cieau\",\"@id\":\"https:\\\/\\\/www.cieau.org\\\/en\\\/#\\\/schema\\\/person\\\/edb30567dc555737f5af8fff40c16cb4\"},\"headline\":\"Rencontrez Anne Carabin, gagnante de l\u2019\u00e9dition 2020 du Prix de la Rel\u00e8ve EAU Andr\u00e9-Perrault\",\"datePublished\":\"2021-01-12T16:08:08+00:00\",\"mainEntityOfPage\":{\"@id\":\"https:\\\/\\\/www.cieau.org\\\/en\\\/articles\\\/rencontrez-anne-carabin-gagnante-de-ledition-2020-du-prix-de-la-releve-eau-andre-perrault\\\/\"},\"wordCount\":610,\"publisher\":{\"@id\":\"https:\\\/\\\/www.cieau.org\\\/en\\\/#organization\"},\"image\":{\"@id\":\"https:\\\/\\\/www.cieau.org\\\/en\\\/articles\\\/rencontrez-anne-carabin-gagnante-de-ledition-2020-du-prix-de-la-releve-eau-andre-perrault\\\/#primaryimage\"},\"thumbnailUrl\":\"https:\\\/\\\/www.cieau.org\\\/wp-content\\\/uploads\\\/2021\\\/12\\\/2020.12.18_Gagnante-Anne-Carabin-prix-releve-EAU-Andre-Perrault-edition-2020.jpg\",\"articleSection\":[\"Contest\"],\"inLanguage\":\"en-US\"},{\"@type\":\"WebPage\",\"@id\":\"https:\\\/\\\/www.cieau.org\\\/en\\\/articles\\\/rencontrez-anne-carabin-gagnante-de-ledition-2020-du-prix-de-la-releve-eau-andre-perrault\\\/\",\"url\":\"https:\\\/\\\/www.cieau.org\\\/en\\\/articles\\\/rencontrez-anne-carabin-gagnante-de-ledition-2020-du-prix-de-la-releve-eau-andre-perrault\\\/\",\"name\":\"Rencontrez Anne Carabin, gagnante de l\u2019\u00e9dition 2020 du Prix de la Rel\u00e8ve EAU Andr\u00e9-Perrault - C.I.Eau\",\"isPartOf\":{\"@id\":\"https:\\\/\\\/www.cieau.org\\\/en\\\/#website\"},\"primaryImageOfPage\":{\"@id\":\"https:\\\/\\\/www.cieau.org\\\/en\\\/articles\\\/rencontrez-anne-carabin-gagnante-de-ledition-2020-du-prix-de-la-releve-eau-andre-perrault\\\/#primaryimage\"},\"image\":{\"@id\":\"https:\\\/\\\/www.cieau.org\\\/en\\\/articles\\\/rencontrez-anne-carabin-gagnante-de-ledition-2020-du-prix-de-la-releve-eau-andre-perrault\\\/#primaryimage\"},\"thumbnailUrl\":\"https:\\\/\\\/www.cieau.org\\\/wp-content\\\/uploads\\\/2021\\\/12\\\/2020.12.18_Gagnante-Anne-Carabin-prix-releve-EAU-Andre-Perrault-edition-2020.jpg\",\"datePublished\":\"2021-01-12T16:08:08+00:00\",\"breadcrumb\":{\"@id\":\"https:\\\/\\\/www.cieau.org\\\/en\\\/articles\\\/rencontrez-anne-carabin-gagnante-de-ledition-2020-du-prix-de-la-releve-eau-andre-perrault\\\/#breadcrumb\"},\"inLanguage\":\"en-US\",\"potentialAction\":[{\"@type\":\"ReadAction\",\"target\":[\"https:\\\/\\\/www.cieau.org\\\/en\\\/articles\\\/rencontrez-anne-carabin-gagnante-de-ledition-2020-du-prix-de-la-releve-eau-andre-perrault\\\/\"]}]},{\"@type\":\"ImageObject\",\"inLanguage\":\"en-US\",\"@id\":\"https:\\\/\\\/www.cieau.org\\\/en\\\/articles\\\/rencontrez-anne-carabin-gagnante-de-ledition-2020-du-prix-de-la-releve-eau-andre-perrault\\\/#primaryimage\",\"url\":\"https:\\\/\\\/www.cieau.org\\\/wp-content\\\/uploads\\\/2021\\\/12\\\/2020.12.18_Gagnante-Anne-Carabin-prix-releve-EAU-Andre-Perrault-edition-2020.jpg\",\"contentUrl\":\"https:\\\/\\\/www.cieau.org\\\/wp-content\\\/uploads\\\/2021\\\/12\\\/2020.12.18_Gagnante-Anne-Carabin-prix-releve-EAU-Andre-Perrault-edition-2020.jpg\",\"width\":1333,\"height\":1000,\"caption\":\"Anne Carabin, gagnante de l\u2019\u00e9dition 2020 du Prix de la Rel\u00e8ve EAU Andr\u00e9-Perrault\"},{\"@type\":\"BreadcrumbList\",\"@id\":\"https:\\\/\\\/www.cieau.org\\\/en\\\/articles\\\/rencontrez-anne-carabin-gagnante-de-ledition-2020-du-prix-de-la-releve-eau-andre-perrault\\\/#breadcrumb\",\"itemListElement\":[{\"@type\":\"ListItem\",\"position\":1,\"name\":\"Accueil\",\"item\":\"https:\\\/\\\/www.cieau.org\\\/en\\\/home\\\/\"},{\"@type\":\"ListItem\",\"position\":2,\"name\":\"Rencontrez Anne Carabin, gagnante de l\u2019\u00e9dition 2020 du Prix de la Rel\u00e8ve EAU Andr\u00e9-Perrault\"}]},{\"@type\":\"WebSite\",\"@id\":\"https:\\\/\\\/www.cieau.org\\\/en\\\/#website\",\"url\":\"https:\\\/\\\/www.cieau.org\\\/en\\\/\",\"name\":\"C.I.Eau\",\"description\":\"\",\"publisher\":{\"@id\":\"https:\\\/\\\/www.cieau.org\\\/en\\\/#organization\"},\"potentialAction\":[{\"@type\":\"SearchAction\",\"target\":{\"@type\":\"EntryPoint\",\"urlTemplate\":\"https:\\\/\\\/www.cieau.org\\\/en\\\/?s={search_term_string}\"},\"query-input\":{\"@type\":\"PropertyValueSpecification\",\"valueRequired\":true,\"valueName\":\"search_term_string\"}}],\"inLanguage\":\"en-US\"},{\"@type\":\"Organization\",\"@id\":\"https:\\\/\\\/www.cieau.org\\\/en\\\/#organization\",\"name\":\"C.I.Eau\",\"url\":\"https:\\\/\\\/www.cieau.org\\\/en\\\/\",\"logo\":{\"@type\":\"ImageObject\",\"inLanguage\":\"en-US\",\"@id\":\"https:\\\/\\\/www.cieau.org\\\/en\\\/#\\\/schema\\\/logo\\\/image\\\/\",\"url\":\"https:\\\/\\\/www.cieau.org\\\/wp-content\\\/uploads\\\/2021\\\/10\\\/Logo_CIeau.png\",\"contentUrl\":\"https:\\\/\\\/www.cieau.org\\\/wp-content\\\/uploads\\\/2021\\\/10\\\/Logo_CIeau.png\",\"width\":500,\"height\":308,\"caption\":\"C.I.Eau\"},\"image\":{\"@id\":\"https:\\\/\\\/www.cieau.org\\\/en\\\/#\\\/schema\\\/logo\\\/image\\\/\"},\"sameAs\":[\"https:\\\/\\\/www.facebook.com\\\/C.I.EAU\"]},{\"@type\":\"Person\",\"@id\":\"https:\\\/\\\/www.cieau.org\\\/en\\\/#\\\/schema\\\/person\\\/edb30567dc555737f5af8fff40c16cb4\",\"name\":\"cieau\",\"image\":{\"@type\":\"ImageObject\",\"inLanguage\":\"en-US\",\"@id\":\"https:\\\/\\\/secure.gravatar.com\\\/avatar\\\/3cab8b2ca395acc859c71a833161a2a2f4282df0c2a560186186ae0211405444?s=96&d=mm&r=g\",\"url\":\"https:\\\/\\\/secure.gravatar.com\\\/avatar\\\/3cab8b2ca395acc859c71a833161a2a2f4282df0c2a560186186ae0211405444?s=96&d=mm&r=g\",\"contentUrl\":\"https:\\\/\\\/secure.gravatar.com\\\/avatar\\\/3cab8b2ca395acc859c71a833161a2a2f4282df0c2a560186186ae0211405444?s=96&d=mm&r=g\",\"caption\":\"cieau\"},\"url\":\"https:\\\/\\\/www.cieau.org\\\/en\\\/articles\\\/author\\\/cieau\\\/\"}]}<\/script>\n<!-- \/ Yoast SEO plugin. -->","yoast_head_json":{"title":"Rencontrez Anne Carabin, gagnante de l\u2019\u00e9dition 2020 du Prix de la Rel\u00e8ve EAU Andr\u00e9-Perrault - C.I.Eau","robots":{"index":"index","follow":"follow","max-snippet":"max-snippet:-1","max-image-preview":"max-image-preview:large","max-video-preview":"max-video-preview:-1"},"canonical":"https:\/\/www.cieau.org\/en\/articles\/rencontrez-anne-carabin-gagnante-de-ledition-2020-du-prix-de-la-releve-eau-andre-perrault\/","og_locale":"en_US","og_type":"article","og_title":"Rencontrez Anne Carabin, gagnante de l\u2019\u00e9dition 2020 du Prix de la Rel\u00e8ve EAU Andr\u00e9-Perrault - C.I.Eau","og_description":"Anne Carabin a su se d\u00e9marquer par ses nombreuses r\u00e9alisations dans le domaine de l\u2019eau. Cette jeune professionnelle au doctorat en g\u00e9nie civil croit fermement en l\u2019implication de la rel\u00e8ve.","og_url":"https:\/\/www.cieau.org\/en\/articles\/rencontrez-anne-carabin-gagnante-de-ledition-2020-du-prix-de-la-releve-eau-andre-perrault\/","og_site_name":"C.I.Eau","article_publisher":"https:\/\/www.facebook.com\/C.I.EAU","article_published_time":"2021-01-12T16:08:08+00:00","og_image":[{"width":1333,"height":1000,"url":"https:\/\/www.cieau.org\/wp-content\/uploads\/2021\/12\/2020.12.18_Gagnante-Anne-Carabin-prix-releve-EAU-Andre-Perrault-edition-2020.jpg","type":"image\/jpeg"}],"author":"cieau","twitter_card":"summary_large_image","twitter_misc":{"Written by":"cieau","Est. reading time":"3 minutes"},"schema":{"@context":"https:\/\/schema.org","@graph":[{"@type":"Article","@id":"https:\/\/www.cieau.org\/en\/articles\/rencontrez-anne-carabin-gagnante-de-ledition-2020-du-prix-de-la-releve-eau-andre-perrault\/#article","isPartOf":{"@id":"https:\/\/www.cieau.org\/en\/articles\/rencontrez-anne-carabin-gagnante-de-ledition-2020-du-prix-de-la-releve-eau-andre-perrault\/"},"author":{"name":"cieau","@id":"https:\/\/www.cieau.org\/en\/#\/schema\/person\/edb30567dc555737f5af8fff40c16cb4"},"headline":"Rencontrez Anne Carabin, gagnante de l\u2019\u00e9dition 2020 du Prix de la Rel\u00e8ve EAU Andr\u00e9-Perrault","datePublished":"2021-01-12T16:08:08+00:00","mainEntityOfPage":{"@id":"https:\/\/www.cieau.org\/en\/articles\/rencontrez-anne-carabin-gagnante-de-ledition-2020-du-prix-de-la-releve-eau-andre-perrault\/"},"wordCount":610,"publisher":{"@id":"https:\/\/www.cieau.org\/en\/#organization"},"image":{"@id":"https:\/\/www.cieau.org\/en\/articles\/rencontrez-anne-carabin-gagnante-de-ledition-2020-du-prix-de-la-releve-eau-andre-perrault\/#primaryimage"},"thumbnailUrl":"https:\/\/www.cieau.org\/wp-content\/uploads\/2021\/12\/2020.12.18_Gagnante-Anne-Carabin-prix-releve-EAU-Andre-Perrault-edition-2020.jpg","articleSection":["Contest"],"inLanguage":"en-US"},{"@type":"WebPage","@id":"https:\/\/www.cieau.org\/en\/articles\/rencontrez-anne-carabin-gagnante-de-ledition-2020-du-prix-de-la-releve-eau-andre-perrault\/","url":"https:\/\/www.cieau.org\/en\/articles\/rencontrez-anne-carabin-gagnante-de-ledition-2020-du-prix-de-la-releve-eau-andre-perrault\/","name":"Rencontrez Anne Carabin, gagnante de l\u2019\u00e9dition 2020 du Prix de la Rel\u00e8ve EAU Andr\u00e9-Perrault - C.I.Eau","isPartOf":{"@id":"https:\/\/www.cieau.org\/en\/#website"},"primaryImageOfPage":{"@id":"https:\/\/www.cieau.org\/en\/articles\/rencontrez-anne-carabin-gagnante-de-ledition-2020-du-prix-de-la-releve-eau-andre-perrault\/#primaryimage"},"image":{"@id":"https:\/\/www.cieau.org\/en\/articles\/rencontrez-anne-carabin-gagnante-de-ledition-2020-du-prix-de-la-releve-eau-andre-perrault\/#primaryimage"},"thumbnailUrl":"https:\/\/www.cieau.org\/wp-content\/uploads\/2021\/12\/2020.12.18_Gagnante-Anne-Carabin-prix-releve-EAU-Andre-Perrault-edition-2020.jpg","datePublished":"2021-01-12T16:08:08+00:00","breadcrumb":{"@id":"https:\/\/www.cieau.org\/en\/articles\/rencontrez-anne-carabin-gagnante-de-ledition-2020-du-prix-de-la-releve-eau-andre-perrault\/#breadcrumb"},"inLanguage":"en-US","potentialAction":[{"@type":"ReadAction","target":["https:\/\/www.cieau.org\/en\/articles\/rencontrez-anne-carabin-gagnante-de-ledition-2020-du-prix-de-la-releve-eau-andre-perrault\/"]}]},{"@type":"ImageObject","inLanguage":"en-US","@id":"https:\/\/www.cieau.org\/en\/articles\/rencontrez-anne-carabin-gagnante-de-ledition-2020-du-prix-de-la-releve-eau-andre-perrault\/#primaryimage","url":"https:\/\/www.cieau.org\/wp-content\/uploads\/2021\/12\/2020.12.18_Gagnante-Anne-Carabin-prix-releve-EAU-Andre-Perrault-edition-2020.jpg","contentUrl":"https:\/\/www.cieau.org\/wp-content\/uploads\/2021\/12\/2020.12.18_Gagnante-Anne-Carabin-prix-releve-EAU-Andre-Perrault-edition-2020.jpg","width":1333,"height":1000,"caption":"Anne Carabin, gagnante de l\u2019\u00e9dition 2020 du Prix de la Rel\u00e8ve EAU Andr\u00e9-Perrault"},{"@type":"BreadcrumbList","@id":"https:\/\/www.cieau.org\/en\/articles\/rencontrez-anne-carabin-gagnante-de-ledition-2020-du-prix-de-la-releve-eau-andre-perrault\/#breadcrumb","itemListElement":[{"@type":"ListItem","position":1,"name":"Accueil","item":"https:\/\/www.cieau.org\/en\/home\/"},{"@type":"ListItem","position":2,"name":"Rencontrez Anne Carabin, gagnante de l\u2019\u00e9dition 2020 du Prix de la Rel\u00e8ve EAU Andr\u00e9-Perrault"}]},{"@type":"WebSite","@id":"https:\/\/www.cieau.org\/en\/#website","url":"https:\/\/www.cieau.org\/en\/","name":"C.I.Eau","description":"","publisher":{"@id":"https:\/\/www.cieau.org\/en\/#organization"},"potentialAction":[{"@type":"SearchAction","target":{"@type":"EntryPoint","urlTemplate":"https:\/\/www.cieau.org\/en\/?s={search_term_string}"},"query-input":{"@type":"PropertyValueSpecification","valueRequired":true,"valueName":"search_term_string"}}],"inLanguage":"en-US"},{"@type":"Organization","@id":"https:\/\/www.cieau.org\/en\/#organization","name":"C.I.Eau","url":"https:\/\/www.cieau.org\/en\/","logo":{"@type":"ImageObject","inLanguage":"en-US","@id":"https:\/\/www.cieau.org\/en\/#\/schema\/logo\/image\/","url":"https:\/\/www.cieau.org\/wp-content\/uploads\/2021\/10\/Logo_CIeau.png","contentUrl":"https:\/\/www.cieau.org\/wp-content\/uploads\/2021\/10\/Logo_CIeau.png","width":500,"height":308,"caption":"C.I.Eau"},"image":{"@id":"https:\/\/www.cieau.org\/en\/#\/schema\/logo\/image\/"},"sameAs":["https:\/\/www.facebook.com\/C.I.EAU"]},{"@type":"Person","@id":"https:\/\/www.cieau.org\/en\/#\/schema\/person\/edb30567dc555737f5af8fff40c16cb4","name":"cieau","image":{"@type":"ImageObject","inLanguage":"en-US","@id":"https:\/\/secure.gravatar.com\/avatar\/3cab8b2ca395acc859c71a833161a2a2f4282df0c2a560186186ae0211405444?s=96&d=mm&r=g","url":"https:\/\/secure.gravatar.com\/avatar\/3cab8b2ca395acc859c71a833161a2a2f4282df0c2a560186186ae0211405444?s=96&d=mm&r=g","contentUrl":"https:\/\/secure.gravatar.com\/avatar\/3cab8b2ca395acc859c71a833161a2a2f4282df0c2a560186186ae0211405444?s=96&d=mm&r=g","caption":"cieau"},"url":"https:\/\/www.cieau.org\/en\/articles\/author\/cieau\/"}]}},"_links":{"self":[{"href":"https:\/\/www.cieau.org\/en\/wp-json\/wp\/v2\/posts\/7478","targetHints":{"allow":["GET"]}}],"collection":[{"href":"https:\/\/www.cieau.org\/en\/wp-json\/wp\/v2\/posts"}],"about":[{"href":"https:\/\/www.cieau.org\/en\/wp-json\/wp\/v2\/types\/post"}],"author":[{"embeddable":true,"href":"https:\/\/www.cieau.org\/en\/wp-json\/wp\/v2\/users\/13"}],"replies":[{"embeddable":true,"href":"https:\/\/www.cieau.org\/en\/wp-json\/wp\/v2\/comments?post=7478"}],"version-history":[{"count":0,"href":"https:\/\/www.cieau.org\/en\/wp-json\/wp\/v2\/posts\/7478\/revisions"}],"wp:featuredmedia":[{"embeddable":true,"href":"https:\/\/www.cieau.org\/en\/wp-json\/wp\/v2\/media\/6300"}],"wp:attachment":[{"href":"https:\/\/www.cieau.org\/en\/wp-json\/wp\/v2\/media?parent=7478"}],"wp:term":[{"taxonomy":"category","embeddable":true,"href":"https:\/\/www.cieau.org\/en\/wp-json\/wp\/v2\/categories?post=7478"},{"taxonomy":"post_tag","embeddable":true,"href":"https:\/\/www.cieau.org\/en\/wp-json\/wp\/v2\/tags?post=7478"}],"curies":[{"name":"wp","href":"https:\/\/api.w.org\/{rel}","templated":true}]}}