{"id":7483,"date":"2020-08-01T11:24:27","date_gmt":"2020-08-01T15:24:27","guid":{"rendered":"https:\/\/cieau.org\/articles\/lindicateur-de-perte-de-charge-de-saint-anne-de-bellevue\/"},"modified":"2020-08-01T11:24:27","modified_gmt":"2020-08-01T15:24:27","slug":"lindicateur-de-perte-de-charge-de-saint-anne-de-bellevue","status":"publish","type":"post","link":"https:\/\/www.cieau.org\/en\/articles\/lindicateur-de-perte-de-charge-de-saint-anne-de-bellevue\/","title":{"rendered":"L\u2019indicateur de perte de charge de Saint-Anne-De-Bellevue"},"content":{"rendered":"<p><em>Cach\u00e9es aux yeux du public, les r\u00e9serves du C.I.EAU conservent certains tr\u00e9sors du patrimoine industriel sur l\u2019eau du grand Montr\u00e9al.<\/em><\/p>\n<h2>Qu&#8217;est-ce qu&#8217;un indicateur de perte de charge ?<\/h2>\n<p>Pi\u00e8ce probablement unique et jamais pr\u00e9sent\u00e9e au grand public, cet indicateur de perte de charge est un objet remarquable. Install\u00e9 dans l\u2019usine de Saint-Anne-De-Bellevue d\u00e8s 1911, il est t\u00e9moin d\u2019un des premiers proc\u00e9d\u00e9s utilis\u00e9s dans les\u00a0<strong>usines de production d\u2019eau potable<\/strong>.<\/p>\n<p>En effet, d\u00e8s le d\u00e9but du si\u00e8cle, la\u00a0<strong>filtration\u00a0<\/strong>permet de rendre l\u2019eau plus saine qu\u2019elle ne l\u2019\u00e9tait. Le passage de l\u2019eau dans un filtre en sable permet d\u2019\u00e9liminer une grande quantit\u00e9 de s\u00e9diments et de d\u00e9chets organiques. Aujourd\u2019hui, la filtration est toujours utilis\u00e9e dans les usines de production d\u2019eau potable, mais avec des moyens plus efficaces\u00a0!<\/p>\n<h2>Quelle est l&#8217;utilit\u00e9 de l&#8217;indicateur de perte de charge ?<\/h2>\n<p>Or, \u00e0 l\u2019\u00e9poque comme aujourd\u2019hui, il est n\u00e9cessaire d\u2019identifier le moment o\u00f9 le filtre est sale afin de savoir quand le laver. Pour ce faire, on mesure la\u00a0<strong>pression de l\u2019eau \u00e0 la sortie des filtres<\/strong>. Si la pression est trop faible, c\u2019est que l\u2019eau est ralentie par les s\u00e9diments coinc\u00e9s dans le sable. Alors, il est n\u00e9cessaire de nettoyer le filtre afin de le rendre plus efficace.<\/p>\n<p>En 1911 \u00e0 Saint-Anne-De-Bellevue, on installe cet objet pour mesurer la pression de l\u2019eau apr\u00e8s la filtration. Il s\u2019agit donc d\u2019un\u00a0<strong>manom\u00e8tre<\/strong>; c\u2019est-\u00e0-dire un appareil qui mesure la pression. Ce qui le rend si particulier, outre son anciennet\u00e9, c\u2019est que l\u2019on peut \u00e9tablir son utilisation pr\u00e9cise dans l\u2019usine. Cet indicateur de perte de charge indiquait aux travailleurs de la premi\u00e8re usine d\u2019eau potable de la r\u00e9gion de Montr\u00e9al le moment o\u00f9\u00a0il \u00e9tait n\u00e9cessaire de nettoyer les filtres. Nous pouvons \u00eatre reconnaissants des premiers travailleurs de l\u2019eau qui ont utilis\u00e9 cet outil en le conservant pr\u00e9cieusement.<\/p>\n<p><img fetchpriority=\"high\" decoding=\"async\" class=\"alignnone wp-image-6306 size-full\" src=\"https:\/\/www.cieau.org\/wp-content\/uploads\/2021\/12\/indicateur-de-perte-de-charge.jpg\" alt=\"\" width=\"500\" height=\"475\" srcset=\"https:\/\/www.cieau.org\/wp-content\/uploads\/2021\/12\/indicateur-de-perte-de-charge.jpg 500w, https:\/\/www.cieau.org\/wp-content\/uploads\/2021\/12\/indicateur-de-perte-de-charge-300x285.jpg 300w\" sizes=\"(max-width: 500px) 100vw, 500px\" \/><\/p>\n","protected":false},"excerpt":{"rendered":"<p>Cach\u00e9es aux yeux du public, les r\u00e9serves du C.I.EAU conservent certains tr\u00e9sors du patrimoine industriel sur l\u2019eau du grand Montr\u00e9al.<\/p>\n","protected":false},"author":13,"featured_media":6306,"comment_status":"closed","ping_status":"closed","sticky":false,"template":"","format":"standard","meta":{"_acf_changed":false,"page_builder":"","footnotes":""},"categories":[69],"tags":[],"class_list":["post-7483","post","type-post","status-publish","format-standard","has-post-thumbnail","hentry","category-c-i-eau-collection"],"acf":[],"yoast_head":"<!-- This site is optimized with the Yoast SEO plugin v28.3 - https:\/\/yoast.com\/product\/yoast-seo-wordpress\/ -->\n<title>L\u2019indicateur de perte de charge de Saint-Anne-De-Bellevue - C.I.Eau<\/title>\n<meta name=\"robots\" content=\"index, follow, max-snippet:-1, max-image-preview:large, max-video-preview:-1\" \/>\n<link rel=\"canonical\" href=\"https:\/\/www.cieau.org\/en\/articles\/lindicateur-de-perte-de-charge-de-saint-anne-de-bellevue\/\" \/>\n<meta property=\"og:locale\" content=\"en_US\" \/>\n<meta property=\"og:type\" content=\"article\" \/>\n<meta property=\"og:title\" content=\"L\u2019indicateur de perte de charge de Saint-Anne-De-Bellevue - C.I.Eau\" \/>\n<meta property=\"og:description\" content=\"Cach\u00e9es aux yeux du public, les r\u00e9serves du C.I.EAU conservent certains tr\u00e9sors du patrimoine industriel sur l\u2019eau du grand Montr\u00e9al.\" \/>\n<meta property=\"og:url\" content=\"https:\/\/www.cieau.org\/en\/articles\/lindicateur-de-perte-de-charge-de-saint-anne-de-bellevue\/\" \/>\n<meta property=\"og:site_name\" content=\"C.I.Eau\" \/>\n<meta property=\"article:publisher\" content=\"https:\/\/www.facebook.com\/C.I.EAU\" \/>\n<meta property=\"article:published_time\" content=\"2020-08-01T15:24:27+00:00\" \/>\n<meta property=\"og:image\" content=\"https:\/\/www.cieau.org\/wp-content\/uploads\/2021\/12\/indicateur-de-perte-de-charge.jpg\" \/>\n\t<meta property=\"og:image:width\" content=\"500\" \/>\n\t<meta property=\"og:image:height\" content=\"475\" \/>\n\t<meta property=\"og:image:type\" content=\"image\/jpeg\" \/>\n<meta name=\"author\" content=\"cieau\" \/>\n<meta name=\"twitter:card\" content=\"summary_large_image\" \/>\n<meta name=\"twitter:label1\" content=\"Written by\" \/>\n\t<meta name=\"twitter:data1\" content=\"cieau\" \/>\n\t<meta name=\"twitter:label2\" content=\"Est. reading time\" \/>\n\t<meta name=\"twitter:data2\" content=\"2 minutes\" \/>\n<script type=\"application\/ld+json\" class=\"yoast-schema-graph\">{\"@context\":\"https:\\\/\\\/schema.org\",\"@graph\":[{\"@type\":\"Article\",\"@id\":\"https:\\\/\\\/www.cieau.org\\\/en\\\/articles\\\/lindicateur-de-perte-de-charge-de-saint-anne-de-bellevue\\\/#article\",\"isPartOf\":{\"@id\":\"https:\\\/\\\/www.cieau.org\\\/en\\\/articles\\\/lindicateur-de-perte-de-charge-de-saint-anne-de-bellevue\\\/\"},\"author\":{\"name\":\"cieau\",\"@id\":\"https:\\\/\\\/www.cieau.org\\\/en\\\/#\\\/schema\\\/person\\\/edb30567dc555737f5af8fff40c16cb4\"},\"headline\":\"L\u2019indicateur de perte de charge de Saint-Anne-De-Bellevue\",\"datePublished\":\"2020-08-01T15:24:27+00:00\",\"mainEntityOfPage\":{\"@id\":\"https:\\\/\\\/www.cieau.org\\\/en\\\/articles\\\/lindicateur-de-perte-de-charge-de-saint-anne-de-bellevue\\\/\"},\"wordCount\":364,\"publisher\":{\"@id\":\"https:\\\/\\\/www.cieau.org\\\/en\\\/#organization\"},\"image\":{\"@id\":\"https:\\\/\\\/www.cieau.org\\\/en\\\/articles\\\/lindicateur-de-perte-de-charge-de-saint-anne-de-bellevue\\\/#primaryimage\"},\"thumbnailUrl\":\"https:\\\/\\\/www.cieau.org\\\/wp-content\\\/uploads\\\/2021\\\/12\\\/indicateur-de-perte-de-charge.jpg\",\"articleSection\":[\"C.I.EAU Collection\"],\"inLanguage\":\"en-US\"},{\"@type\":\"WebPage\",\"@id\":\"https:\\\/\\\/www.cieau.org\\\/en\\\/articles\\\/lindicateur-de-perte-de-charge-de-saint-anne-de-bellevue\\\/\",\"url\":\"https:\\\/\\\/www.cieau.org\\\/en\\\/articles\\\/lindicateur-de-perte-de-charge-de-saint-anne-de-bellevue\\\/\",\"name\":\"L\u2019indicateur de perte de charge de Saint-Anne-De-Bellevue - C.I.Eau\",\"isPartOf\":{\"@id\":\"https:\\\/\\\/www.cieau.org\\\/en\\\/#website\"},\"primaryImageOfPage\":{\"@id\":\"https:\\\/\\\/www.cieau.org\\\/en\\\/articles\\\/lindicateur-de-perte-de-charge-de-saint-anne-de-bellevue\\\/#primaryimage\"},\"image\":{\"@id\":\"https:\\\/\\\/www.cieau.org\\\/en\\\/articles\\\/lindicateur-de-perte-de-charge-de-saint-anne-de-bellevue\\\/#primaryimage\"},\"thumbnailUrl\":\"https:\\\/\\\/www.cieau.org\\\/wp-content\\\/uploads\\\/2021\\\/12\\\/indicateur-de-perte-de-charge.jpg\",\"datePublished\":\"2020-08-01T15:24:27+00:00\",\"breadcrumb\":{\"@id\":\"https:\\\/\\\/www.cieau.org\\\/en\\\/articles\\\/lindicateur-de-perte-de-charge-de-saint-anne-de-bellevue\\\/#breadcrumb\"},\"inLanguage\":\"en-US\",\"potentialAction\":[{\"@type\":\"ReadAction\",\"target\":[\"https:\\\/\\\/www.cieau.org\\\/en\\\/articles\\\/lindicateur-de-perte-de-charge-de-saint-anne-de-bellevue\\\/\"]}]},{\"@type\":\"ImageObject\",\"inLanguage\":\"en-US\",\"@id\":\"https:\\\/\\\/www.cieau.org\\\/en\\\/articles\\\/lindicateur-de-perte-de-charge-de-saint-anne-de-bellevue\\\/#primaryimage\",\"url\":\"https:\\\/\\\/www.cieau.org\\\/wp-content\\\/uploads\\\/2021\\\/12\\\/indicateur-de-perte-de-charge.jpg\",\"contentUrl\":\"https:\\\/\\\/www.cieau.org\\\/wp-content\\\/uploads\\\/2021\\\/12\\\/indicateur-de-perte-de-charge.jpg\",\"width\":500,\"height\":475,\"caption\":\"L\u2019indicateur de perte de charge de Saint-Anne-De-Bellevue\"},{\"@type\":\"BreadcrumbList\",\"@id\":\"https:\\\/\\\/www.cieau.org\\\/en\\\/articles\\\/lindicateur-de-perte-de-charge-de-saint-anne-de-bellevue\\\/#breadcrumb\",\"itemListElement\":[{\"@type\":\"ListItem\",\"position\":1,\"name\":\"Accueil\",\"item\":\"https:\\\/\\\/www.cieau.org\\\/en\\\/home\\\/\"},{\"@type\":\"ListItem\",\"position\":2,\"name\":\"L\u2019indicateur de perte de charge de Saint-Anne-De-Bellevue\"}]},{\"@type\":\"WebSite\",\"@id\":\"https:\\\/\\\/www.cieau.org\\\/en\\\/#website\",\"url\":\"https:\\\/\\\/www.cieau.org\\\/en\\\/\",\"name\":\"C.I.Eau\",\"description\":\"\",\"publisher\":{\"@id\":\"https:\\\/\\\/www.cieau.org\\\/en\\\/#organization\"},\"potentialAction\":[{\"@type\":\"SearchAction\",\"target\":{\"@type\":\"EntryPoint\",\"urlTemplate\":\"https:\\\/\\\/www.cieau.org\\\/en\\\/?s={search_term_string}\"},\"query-input\":{\"@type\":\"PropertyValueSpecification\",\"valueRequired\":true,\"valueName\":\"search_term_string\"}}],\"inLanguage\":\"en-US\"},{\"@type\":\"Organization\",\"@id\":\"https:\\\/\\\/www.cieau.org\\\/en\\\/#organization\",\"name\":\"C.I.Eau\",\"url\":\"https:\\\/\\\/www.cieau.org\\\/en\\\/\",\"logo\":{\"@type\":\"ImageObject\",\"inLanguage\":\"en-US\",\"@id\":\"https:\\\/\\\/www.cieau.org\\\/en\\\/#\\\/schema\\\/logo\\\/image\\\/\",\"url\":\"https:\\\/\\\/www.cieau.org\\\/wp-content\\\/uploads\\\/2021\\\/10\\\/Logo_CIeau.png\",\"contentUrl\":\"https:\\\/\\\/www.cieau.org\\\/wp-content\\\/uploads\\\/2021\\\/10\\\/Logo_CIeau.png\",\"width\":500,\"height\":308,\"caption\":\"C.I.Eau\"},\"image\":{\"@id\":\"https:\\\/\\\/www.cieau.org\\\/en\\\/#\\\/schema\\\/logo\\\/image\\\/\"},\"sameAs\":[\"https:\\\/\\\/www.facebook.com\\\/C.I.EAU\"]},{\"@type\":\"Person\",\"@id\":\"https:\\\/\\\/www.cieau.org\\\/en\\\/#\\\/schema\\\/person\\\/edb30567dc555737f5af8fff40c16cb4\",\"name\":\"cieau\",\"image\":{\"@type\":\"ImageObject\",\"inLanguage\":\"en-US\",\"@id\":\"https:\\\/\\\/secure.gravatar.com\\\/avatar\\\/3cab8b2ca395acc859c71a833161a2a2f4282df0c2a560186186ae0211405444?s=96&d=mm&r=g\",\"url\":\"https:\\\/\\\/secure.gravatar.com\\\/avatar\\\/3cab8b2ca395acc859c71a833161a2a2f4282df0c2a560186186ae0211405444?s=96&d=mm&r=g\",\"contentUrl\":\"https:\\\/\\\/secure.gravatar.com\\\/avatar\\\/3cab8b2ca395acc859c71a833161a2a2f4282df0c2a560186186ae0211405444?s=96&d=mm&r=g\",\"caption\":\"cieau\"},\"url\":\"https:\\\/\\\/www.cieau.org\\\/en\\\/articles\\\/author\\\/cieau\\\/\"}]}<\/script>\n<!-- \/ Yoast SEO plugin. -->","yoast_head_json":{"title":"L\u2019indicateur de perte de charge de Saint-Anne-De-Bellevue - C.I.Eau","robots":{"index":"index","follow":"follow","max-snippet":"max-snippet:-1","max-image-preview":"max-image-preview:large","max-video-preview":"max-video-preview:-1"},"canonical":"https:\/\/www.cieau.org\/en\/articles\/lindicateur-de-perte-de-charge-de-saint-anne-de-bellevue\/","og_locale":"en_US","og_type":"article","og_title":"L\u2019indicateur de perte de charge de Saint-Anne-De-Bellevue - C.I.Eau","og_description":"Cach\u00e9es aux yeux du public, les r\u00e9serves du C.I.EAU conservent certains tr\u00e9sors du patrimoine industriel sur l\u2019eau du grand Montr\u00e9al.","og_url":"https:\/\/www.cieau.org\/en\/articles\/lindicateur-de-perte-de-charge-de-saint-anne-de-bellevue\/","og_site_name":"C.I.Eau","article_publisher":"https:\/\/www.facebook.com\/C.I.EAU","article_published_time":"2020-08-01T15:24:27+00:00","og_image":[{"width":500,"height":475,"url":"https:\/\/www.cieau.org\/wp-content\/uploads\/2021\/12\/indicateur-de-perte-de-charge.jpg","type":"image\/jpeg"}],"author":"cieau","twitter_card":"summary_large_image","twitter_misc":{"Written by":"cieau","Est. reading time":"2 minutes"},"schema":{"@context":"https:\/\/schema.org","@graph":[{"@type":"Article","@id":"https:\/\/www.cieau.org\/en\/articles\/lindicateur-de-perte-de-charge-de-saint-anne-de-bellevue\/#article","isPartOf":{"@id":"https:\/\/www.cieau.org\/en\/articles\/lindicateur-de-perte-de-charge-de-saint-anne-de-bellevue\/"},"author":{"name":"cieau","@id":"https:\/\/www.cieau.org\/en\/#\/schema\/person\/edb30567dc555737f5af8fff40c16cb4"},"headline":"L\u2019indicateur de perte de charge de Saint-Anne-De-Bellevue","datePublished":"2020-08-01T15:24:27+00:00","mainEntityOfPage":{"@id":"https:\/\/www.cieau.org\/en\/articles\/lindicateur-de-perte-de-charge-de-saint-anne-de-bellevue\/"},"wordCount":364,"publisher":{"@id":"https:\/\/www.cieau.org\/en\/#organization"},"image":{"@id":"https:\/\/www.cieau.org\/en\/articles\/lindicateur-de-perte-de-charge-de-saint-anne-de-bellevue\/#primaryimage"},"thumbnailUrl":"https:\/\/www.cieau.org\/wp-content\/uploads\/2021\/12\/indicateur-de-perte-de-charge.jpg","articleSection":["C.I.EAU Collection"],"inLanguage":"en-US"},{"@type":"WebPage","@id":"https:\/\/www.cieau.org\/en\/articles\/lindicateur-de-perte-de-charge-de-saint-anne-de-bellevue\/","url":"https:\/\/www.cieau.org\/en\/articles\/lindicateur-de-perte-de-charge-de-saint-anne-de-bellevue\/","name":"L\u2019indicateur de perte de charge de Saint-Anne-De-Bellevue - C.I.Eau","isPartOf":{"@id":"https:\/\/www.cieau.org\/en\/#website"},"primaryImageOfPage":{"@id":"https:\/\/www.cieau.org\/en\/articles\/lindicateur-de-perte-de-charge-de-saint-anne-de-bellevue\/#primaryimage"},"image":{"@id":"https:\/\/www.cieau.org\/en\/articles\/lindicateur-de-perte-de-charge-de-saint-anne-de-bellevue\/#primaryimage"},"thumbnailUrl":"https:\/\/www.cieau.org\/wp-content\/uploads\/2021\/12\/indicateur-de-perte-de-charge.jpg","datePublished":"2020-08-01T15:24:27+00:00","breadcrumb":{"@id":"https:\/\/www.cieau.org\/en\/articles\/lindicateur-de-perte-de-charge-de-saint-anne-de-bellevue\/#breadcrumb"},"inLanguage":"en-US","potentialAction":[{"@type":"ReadAction","target":["https:\/\/www.cieau.org\/en\/articles\/lindicateur-de-perte-de-charge-de-saint-anne-de-bellevue\/"]}]},{"@type":"ImageObject","inLanguage":"en-US","@id":"https:\/\/www.cieau.org\/en\/articles\/lindicateur-de-perte-de-charge-de-saint-anne-de-bellevue\/#primaryimage","url":"https:\/\/www.cieau.org\/wp-content\/uploads\/2021\/12\/indicateur-de-perte-de-charge.jpg","contentUrl":"https:\/\/www.cieau.org\/wp-content\/uploads\/2021\/12\/indicateur-de-perte-de-charge.jpg","width":500,"height":475,"caption":"L\u2019indicateur de perte de charge de Saint-Anne-De-Bellevue"},{"@type":"BreadcrumbList","@id":"https:\/\/www.cieau.org\/en\/articles\/lindicateur-de-perte-de-charge-de-saint-anne-de-bellevue\/#breadcrumb","itemListElement":[{"@type":"ListItem","position":1,"name":"Accueil","item":"https:\/\/www.cieau.org\/en\/home\/"},{"@type":"ListItem","position":2,"name":"L\u2019indicateur de perte de charge de Saint-Anne-De-Bellevue"}]},{"@type":"WebSite","@id":"https:\/\/www.cieau.org\/en\/#website","url":"https:\/\/www.cieau.org\/en\/","name":"C.I.Eau","description":"","publisher":{"@id":"https:\/\/www.cieau.org\/en\/#organization"},"potentialAction":[{"@type":"SearchAction","target":{"@type":"EntryPoint","urlTemplate":"https:\/\/www.cieau.org\/en\/?s={search_term_string}"},"query-input":{"@type":"PropertyValueSpecification","valueRequired":true,"valueName":"search_term_string"}}],"inLanguage":"en-US"},{"@type":"Organization","@id":"https:\/\/www.cieau.org\/en\/#organization","name":"C.I.Eau","url":"https:\/\/www.cieau.org\/en\/","logo":{"@type":"ImageObject","inLanguage":"en-US","@id":"https:\/\/www.cieau.org\/en\/#\/schema\/logo\/image\/","url":"https:\/\/www.cieau.org\/wp-content\/uploads\/2021\/10\/Logo_CIeau.png","contentUrl":"https:\/\/www.cieau.org\/wp-content\/uploads\/2021\/10\/Logo_CIeau.png","width":500,"height":308,"caption":"C.I.Eau"},"image":{"@id":"https:\/\/www.cieau.org\/en\/#\/schema\/logo\/image\/"},"sameAs":["https:\/\/www.facebook.com\/C.I.EAU"]},{"@type":"Person","@id":"https:\/\/www.cieau.org\/en\/#\/schema\/person\/edb30567dc555737f5af8fff40c16cb4","name":"cieau","image":{"@type":"ImageObject","inLanguage":"en-US","@id":"https:\/\/secure.gravatar.com\/avatar\/3cab8b2ca395acc859c71a833161a2a2f4282df0c2a560186186ae0211405444?s=96&d=mm&r=g","url":"https:\/\/secure.gravatar.com\/avatar\/3cab8b2ca395acc859c71a833161a2a2f4282df0c2a560186186ae0211405444?s=96&d=mm&r=g","contentUrl":"https:\/\/secure.gravatar.com\/avatar\/3cab8b2ca395acc859c71a833161a2a2f4282df0c2a560186186ae0211405444?s=96&d=mm&r=g","caption":"cieau"},"url":"https:\/\/www.cieau.org\/en\/articles\/author\/cieau\/"}]}},"_links":{"self":[{"href":"https:\/\/www.cieau.org\/en\/wp-json\/wp\/v2\/posts\/7483","targetHints":{"allow":["GET"]}}],"collection":[{"href":"https:\/\/www.cieau.org\/en\/wp-json\/wp\/v2\/posts"}],"about":[{"href":"https:\/\/www.cieau.org\/en\/wp-json\/wp\/v2\/types\/post"}],"author":[{"embeddable":true,"href":"https:\/\/www.cieau.org\/en\/wp-json\/wp\/v2\/users\/13"}],"replies":[{"embeddable":true,"href":"https:\/\/www.cieau.org\/en\/wp-json\/wp\/v2\/comments?post=7483"}],"version-history":[{"count":0,"href":"https:\/\/www.cieau.org\/en\/wp-json\/wp\/v2\/posts\/7483\/revisions"}],"wp:featuredmedia":[{"embeddable":true,"href":"https:\/\/www.cieau.org\/en\/wp-json\/wp\/v2\/media\/6306"}],"wp:attachment":[{"href":"https:\/\/www.cieau.org\/en\/wp-json\/wp\/v2\/media?parent=7483"}],"wp:term":[{"taxonomy":"category","embeddable":true,"href":"https:\/\/www.cieau.org\/en\/wp-json\/wp\/v2\/categories?post=7483"},{"taxonomy":"post_tag","embeddable":true,"href":"https:\/\/www.cieau.org\/en\/wp-json\/wp\/v2\/tags?post=7483"}],"curies":[{"name":"wp","href":"https:\/\/api.w.org\/{rel}","templated":true}]}}